{"id":5953,"date":"2024-06-11T20:03:04","date_gmt":"2024-06-11T18:03:04","guid":{"rendered":"https:\/\/www.vnu-ev.de\/en\/?p=5953"},"modified":"2024-06-11T20:03:04","modified_gmt":"2024-06-11T18:03:04","slug":"yannic-von-raesfeld","status":"publish","type":"post","link":"https:\/\/www.vnu-ev.de\/en\/members\/yannic-von-raesfeld","title":{"rendered":"Yannic von Raesfeld"},"content":{"rendered":"<p>Als Leiter des Nachhaltigkeitsmanagements bei Werner &amp; Mertz arbeite ich gemeinsam mit meinem Team und vielen verschiedenen Fachbereichen an der konsequenten Umsetzung und Weiterentwicklung unserer ganzheitlich nachhaltigen Unternehmensphilosophie. Als traditionsreiches Familienunternehmen in f\u00fcnfter Generation, das seit jeher Nachhaltigkeit als das eigene Fundament begreift, sind \u00f6kologische und soziale Verantwortung f\u00fcr uns selbstverst\u00e4ndlich. Wir besch\u00e4ftigen uns mit der Frage, wie eine nachhaltige Lebensweise mehrheitsf\u00e4hig werden kann. Die \u00dcberwindung des vermeintlichen Widerspruchs zwischen \u00d6kologie und Leistungsf\u00e4higkeit von Reinigungsmitteln ist dabei das Anliegen von Werner &amp; Mertz. Konkret bedeutet dies, mit allen wesentlichen Elementen unseres Produktes, d. h. bei Rezeptur, Verpackung und an unseren Standorten, mindestens eine Entwicklungsgeneration vor der bisherigen \u00f6kologischen Benchmark zu liegen.<\/p>\n<p>Unsere langj\u00e4hrige Mitgliedschaft im VNU bietet eine hervorragende M\u00f6glichkeit zum fachlichen Austausch und der Vernetzung mit Organisationen, die im Bereich der Nachhaltigkeit und des Umweltschutzes \u00e4hnlich engagiert sind. Im Rahmen der Veranstaltungen werden aktuelle Themen und Entwicklungen sehr praxisbezogen dargestellt und zwischen den Mitgliedern im kollegialen Austausch besprochen und diskutiert.<\/p>\n","protected":false},"excerpt":{"rendered":"<p>Als Leiter des Nachhaltigkeitsmanagements bei Werner &amp; Mertz arbeite ich gemeinsam mit meinem Team und&#8230; <a class=\"read-more\" href=\"https:\/\/www.vnu-ev.de\/en\/members\/yannic-von-raesfeld\">More<\/a><\/p>\n","protected":false},"author":314,"featured_media":0,"comment_status":"closed","ping_status":"closed","sticky":false,"template":"","format":"standard","meta":{"_acf_changed":false,"footnotes":""},"categories":[2,271],"tags":[],"class_list":["post-5953","post","type-post","status-publish","format-standard","hentry","category-members","category-mitglieder"],"acf":[],"_links":{"self":[{"href":"https:\/\/www.vnu-ev.de\/en\/wp-json\/wp\/v2\/posts\/5953","targetHints":{"allow":["GET"]}}],"collection":[{"href":"https:\/\/www.vnu-ev.de\/en\/wp-json\/wp\/v2\/posts"}],"about":[{"href":"https:\/\/www.vnu-ev.de\/en\/wp-json\/wp\/v2\/types\/post"}],"author":[{"embeddable":true,"href":"https:\/\/www.vnu-ev.de\/en\/wp-json\/wp\/v2\/users\/314"}],"replies":[{"embeddable":true,"href":"https:\/\/www.vnu-ev.de\/en\/wp-json\/wp\/v2\/comments?post=5953"}],"version-history":[{"count":2,"href":"https:\/\/www.vnu-ev.de\/en\/wp-json\/wp\/v2\/posts\/5953\/revisions"}],"predecessor-version":[{"id":5955,"href":"https:\/\/www.vnu-ev.de\/en\/wp-json\/wp\/v2\/posts\/5953\/revisions\/5955"}],"wp:attachment":[{"href":"https:\/\/www.vnu-ev.de\/en\/wp-json\/wp\/v2\/media?parent=5953"}],"wp:term":[{"taxonomy":"category","embeddable":true,"href":"https:\/\/www.vnu-ev.de\/en\/wp-json\/wp\/v2\/categories?post=5953"},{"taxonomy":"post_tag","embeddable":true,"href":"https:\/\/www.vnu-ev.de\/en\/wp-json\/wp\/v2\/tags?post=5953"}],"curies":[{"name":"wp","href":"https:\/\/api.w.org\/{rel}","templated":true}]}}