{"id":5956,"date":"2024-06-12T21:28:03","date_gmt":"2024-06-12T19:28:03","guid":{"rendered":"https:\/\/www.vnu-ev.de\/en\/?p=5956"},"modified":"2024-10-17T17:44:59","modified_gmt":"2024-10-17T15:44:59","slug":"umweltgutachtertag-2024","status":"publish","type":"post","link":"https:\/\/www.vnu-ev.de\/en\/events\/umweltgutachtertag-2024","title":{"rendered":"Umweltgutachtertag 2024"},"content":{"rendered":"<p><img loading=\"lazy\" decoding=\"async\" class=\"alignnone wp-image-6745 size-thumbnail\" src=\"https:\/\/www.vnu-ev.de\/wp-content\/uploads\/2022\/06\/BMUV_Bonn_Neugaertner-146x150.jpg\" alt=\"\" width=\"146\" height=\"150\" srcset=\"https:\/\/www.vnu-ev.de\/en\/wp-content\/uploads\/2022\/06\/BMUV_Bonn_Neugaertner-146x150.jpg 146w, https:\/\/www.vnu-ev.de\/en\/wp-content\/uploads\/2022\/06\/BMUV_Bonn_Neugaertner-293x300.jpg 293w, https:\/\/www.vnu-ev.de\/en\/wp-content\/uploads\/2022\/06\/BMUV_Bonn_Neugaertner.jpg 765w\" sizes=\"auto, (max-width: 146px) 100vw, 146px\" \/><\/p>\n<h2 style=\"text-align: left;\"><strong>Umweltmanagementsysteme im Wandel<\/strong><\/h2>\n<h3 style=\"text-align: left;\"><strong>Eine Fachveranstaltung f\u00fcr Umweltbegutachtungen, Audits und Beratungen zum Umwelt- und Nachhaltigkeitsmanagement<br \/>\n<\/strong><\/h3>\n<p style=\"text-align: left;\">Der j\u00e4hrliche Umweltgutachtertag bietet eine hervorragende Gelegenheit zum Austausch von Wissen und zur Diskussion aktueller Themen im Bereich des Umwelt- und Nachhaltigkeitsmanagements. Auch in diesem Jahr freuen wir uns darauf, Ihnen hilfreiche Expertise im Bereich EMAS zu pr\u00e4sentieren.<\/p>\n<h2>Termin<\/h2>\n<p>17. September 2024<br \/>\n10:00 - 16:30 Uhr<\/p>\n<h2>Ort<\/h2>\n<p>Bundesministerium f\u00fcr Umwelt, Naturschutz, nukleare Sicherheit und Verbraucherschutz (BMUV)<br \/>\nRobert-Schuman Platz 3 \u00b7 53175 Bonn<\/p>\n<h2>Programm<\/h2>\n<p><strong>Begr\u00fc\u00dfung<\/strong><span style=\"color: #112288;\"><strong><br \/>\n<\/strong><span style=\"color: #333333;\"><em>Annika Kettenburg, BMUV<br \/>\nLennart Schleicher, VNU-Vorsitzender<\/em><\/span><\/span><\/p>\n<p><strong>Ausblick: Regulatorische Vorhaben mit EMAS-Bezug<\/strong><span style=\"color: #112288;\"><strong><br \/>\n<\/strong><span style=\"color: #333333;\"><em>Annika Kettenburg, BMUV<\/em><br \/>\nIn verschiedenen laufenden Regelungsvorhaben steht eine Ankn\u00fcpfung an EMAS oder die Beteiligung von Umweltgutachterinnen und -gutachtern zur Diskussion ... <a href=\"https:\/\/www.vnu-ev.de\/veranstaltungen\/ugt2024_programm\" target=\"_blank\" rel=\"noopener\">Mehr Info<\/a><br \/>\n<\/span><\/span><\/p>\n<p><strong>Update zum Umweltrecht<\/strong><span style=\"color: #112288;\"><strong><br \/>\n<\/strong><span style=\"color: #333333;\"><em>Dr. Dana Pohl-Schmei\u00dfer, Rechtsanw\u00e4ltin<\/em><br \/>\nDie Referentin gibt ein umfassendes Update zum aktuellen Stand im Umweltrecht. Sie wird u.a. die ... <a href=\"https:\/\/www.vnu-ev.de\/veranstaltungen\/ugt2024_programm\" target=\"_blank\" rel=\"noopener\">Mehr Info<\/a><br \/>\n<\/span><\/span><\/p>\n<p><strong>Umweltbegutachtungen nach EMAS \u2013 Erfahrungsbericht der DAU GmbH<br \/>\nFragen und Diskussion zur Strategie, Zulassung und Aufsicht<\/strong><span style=\"color: #112288;\"><strong><br \/>\n<\/strong><span style=\"color: #333333;\"><em>Marc Hoffmann, DAU GmbH<\/em><br \/>\nDie Teilnehmenden sind eingeladen, ihre Fragen bereits im Vorfeld an die VNU-Gesch\u00e4ftsstelle zu senden ... <a href=\"https:\/\/www.vnu-ev.de\/veranstaltungen\/ugt2024_programm\" target=\"_blank\" rel=\"noopener\">Mehr Info<\/a><br \/>\n<\/span><\/span><\/p>\n<p><strong>Klimamanagement: Compliance und Transformation<\/strong><span style=\"color: #112288;\"><strong><br \/>\n<\/strong><span style=\"color: #333333;\"><em>Dr. Burkhard Huckestein, Umweltbundesamt<\/em><br \/>\nUnternehmen sind heute mit stark gestiegenen methodischen und rechtlichen Anforderungen an den Klimaschutz und die Klimaanpassung konfrontiert. Es gibt eine Vielzahl neuer oder geplanter Rechtsvorschriften und Normen, etwa zu ... <a href=\"https:\/\/www.vnu-ev.de\/veranstaltungen\/ugt2024_programm\" target=\"_blank\" rel=\"noopener\">Mehr Info<\/a><br \/>\n<\/span><\/span><\/p>\n<p><strong>Highlights aus dem Umweltgutachterausschuss<\/strong><span style=\"color: #112288;\"><strong><br \/>\n<\/strong><span style=\"color: #333333;\"><em>Mario Lodigiani, Gesch\u00e4ftsstelle des Umweltgutachterausschusses<\/em><br \/>\nDer Referent pr\u00e4sentiert unter anderem den aktuellen Stand zur Ausarbeitung eines Konzeptes zur F\u00f6rderung des Berufsbilds der Umweltgutachterinnen ... <a href=\"https:\/\/www.vnu-ev.de\/veranstaltungen\/ugt2024_programm\" target=\"_blank\" rel=\"noopener\">Mehr Info<\/a><br \/>\n<\/span><\/span><\/p>\n<p><strong>EMAS-Nutzerhandbuch und Regelungen zum Multi-Site-Verfahren<\/strong><span style=\"color: #112288;\"><strong><br \/>\n<\/strong><span style=\"color: #333333;\"><em>Lennart Schleicher, ENVEX Umweltberatung<\/em><br \/>\nMit dem neuen EMAS-Nutzerhandbuch 2023 wurden einige Vorgaben der EMAS-Verordnung pr\u00e4zisiert. Wesentlich ge\u00e4ndert wurden u. a. ... <a href=\"https:\/\/www.vnu-ev.de\/veranstaltungen\/ugt2024_programm\" target=\"_blank\" rel=\"noopener\">Mehr Info<\/a><br \/>\n<\/span><\/span><\/p>\n<h2>Anmeldeinformationen<\/h2>\n<p><strong>FR\u00dcHBUCHER sparen 50 \u20ac auf die Netto-Geb\u00fchr bei Anmeldung bis zum 20. August 2024.<br \/>\nDie Teilnahmegeb\u00fchr reduziert sich ab dem 2. Teilnehmenden aus einem Unternehmen um 50 %.<br \/>\n<\/strong>Wir freuen uns \u00fcber Ihr Interesse an unserer Veranstaltung und bitten Sie, f\u00fcr Ihre Teilnahme die Online-Anmeldung zu nutzen.<\/p>\n<p><a href=\"https:\/\/www.vnu-ev.de\/veranstaltungen\/anmeldung-zum-ugt-2024\" target=\"_blank\" rel=\"noopener\"><strong>Online-Anmeldung<\/strong><\/a><\/p>\n<p><strong>Mitglieder des VNU nehmen verg\u00fcnstigt an dieser Veranstaltung teil.<\/strong><br \/>\nEine Mitgliedschaft ist als Einzelperson oder f\u00fcr Unternehmen m\u00f6glich. Beide Formen der Mitgliedschaft k\u00f6nnen Sie in Form einer Schnupper-Mitgliedschaft \u00fcber 12 Monate mit allen Vorz\u00fcgen und Leistungen des Verbands testen. Neue Mitglieder profitieren sofort von den verg\u00fcnstigten Teilnahmegeb\u00fchren. Informationen dazu finden Sie unter \"<a href=\"https:\/\/www.vnu-ev.de\/vnu-auf-einen-blick\" target=\"_blank\" rel=\"noopener\">Auf einen Blick<\/a>\" und unter \"<a href=\"https:\/\/www.vnu-ev.de\/ueber-uns\/mitglied-werden\" target=\"_blank\" rel=\"noopener\">Mitglied werden<\/a>\".<br \/>\nF\u00fcr R\u00fcckfragen wenden Sie sich gerne unsere VNU-Gesch\u00e4ftsstelle (<a href=\"mailto:vnu@vnu-ev.de\" target=\"_blank\" rel=\"noopener\">vnu@vnu-ev.de<\/a>).<\/p>\n<h2>Dokumentation<\/h2>\n<p>Die Teilnehmenden erhalten nach der Veranstaltung die freigegebenen Vortr\u00e4ge.<br \/>\nVNU-Mitglieder k\u00f6nnen die freigegebenen Vortr\u00e4ge von der VNU Homepage downloaden.<\/p>\n","protected":false},"excerpt":{"rendered":"<p>Umweltmanagementsysteme im Wandel Eine Fachveranstaltung f\u00fcr Umweltbegutachtungen, Audits und Beratungen zum Umwelt- und Nachhaltigkeitsmanagement Der&#8230; <a class=\"read-more\" href=\"https:\/\/www.vnu-ev.de\/en\/events\/umweltgutachtertag-2024\">More<\/a><\/p>\n","protected":false},"author":9,"featured_media":0,"comment_status":"closed","ping_status":"closed","sticky":false,"template":"","format":"standard","meta":{"_acf_changed":false,"footnotes":""},"categories":[11,9,229,1,226],"tags":[],"class_list":["post-5956","post","type-post","status-publish","format-standard","hentry","category-meetings","category-top-event","category-umweltgutachtertag","category-events","category-veranstaltungen"],"acf":[],"_links":{"self":[{"href":"https:\/\/www.vnu-ev.de\/en\/wp-json\/wp\/v2\/posts\/5956","targetHints":{"allow":["GET"]}}],"collection":[{"href":"https:\/\/www.vnu-ev.de\/en\/wp-json\/wp\/v2\/posts"}],"about":[{"href":"https:\/\/www.vnu-ev.de\/en\/wp-json\/wp\/v2\/types\/post"}],"author":[{"embeddable":true,"href":"https:\/\/www.vnu-ev.de\/en\/wp-json\/wp\/v2\/users\/9"}],"replies":[{"embeddable":true,"href":"https:\/\/www.vnu-ev.de\/en\/wp-json\/wp\/v2\/comments?post=5956"}],"version-history":[{"count":6,"href":"https:\/\/www.vnu-ev.de\/en\/wp-json\/wp\/v2\/posts\/5956\/revisions"}],"predecessor-version":[{"id":6043,"href":"https:\/\/www.vnu-ev.de\/en\/wp-json\/wp\/v2\/posts\/5956\/revisions\/6043"}],"wp:attachment":[{"href":"https:\/\/www.vnu-ev.de\/en\/wp-json\/wp\/v2\/media?parent=5956"}],"wp:term":[{"taxonomy":"category","embeddable":true,"href":"https:\/\/www.vnu-ev.de\/en\/wp-json\/wp\/v2\/categories?post=5956"},{"taxonomy":"post_tag","embeddable":true,"href":"https:\/\/www.vnu-ev.de\/en\/wp-json\/wp\/v2\/tags?post=5956"}],"curies":[{"name":"wp","href":"https:\/\/api.w.org\/{rel}","templated":true}]}}