{"id":598,"date":"2016-04-09T08:43:32","date_gmt":"2016-04-09T06:43:32","guid":{"rendered":"https:\/\/www.vnu-ev.de\/?p=334"},"modified":"2022-03-28T17:29:30","modified_gmt":"2022-03-28T15:29:30","slug":"helmar-pflock","status":"publish","type":"post","link":"https:\/\/www.vnu-ev.de\/en\/members\/helmar-pflock","title":{"rendered":"Helmar Pflock"},"content":{"rendered":"<p>Meine meteorologische Grundausbildung f\u00fchrte mich letztendlich \u00fcber eine vierj\u00e4hrige T\u00e4tigkeit bei der T\u00dc Hessen zur Volkswagen AG Werk Kassel , wo ich f\u00fcr den fertigungsbezogenen Umweltschutz zust\u00e4ndig war. Zu meinen Aufgaben z\u00e4hlte der Aufbau einer Umweltabteilung sowie die Implementierung und Fortentwicklung von EMAS.<\/p>\n<p>Aus meiner betrieblichen Erfahrung heraus engagiere ich mich beim VNU, um EMAS bzw. Umweltmanagementsysteme und daraus resultierende Verbesserungen von Umweltleistungen \u2013 dringend notwendig nicht zuletzt wegen bevorstehender Klimaver\u00e4nderungen \u2013 weiter gesellschaftlich \/ betrieblich zu f\u00f6rdern. Zu meinen Aktivit\u00e4ten im VNU z\u00e4hlen einerseits die regionale Leitung des EMAS-Clubs Ost sowie andererseits die Unterst\u00fctzung der \u00d6ffentlichkeitsarbeit.<\/p>\n","protected":false},"excerpt":{"rendered":"<p>Meine meteorologische Grundausbildung f\u00fchrte mich letztendlich \u00fcber eine vierj\u00e4hrige T\u00e4tigkeit bei der T\u00dc Hessen zur&#8230; <a class=\"read-more\" href=\"https:\/\/www.vnu-ev.de\/en\/members\/helmar-pflock\">More<\/a><\/p>\n","protected":false},"author":118,"featured_media":0,"comment_status":"closed","ping_status":"closed","sticky":false,"template":"","format":"standard","meta":{"_acf_changed":false,"footnotes":""},"categories":[2,271],"tags":[12,19,20,16,21],"class_list":["post-598","post","type-post","status-publish","format-standard","hentry","category-members","category-mitglieder","tag-emas","tag-fertigungsbezogener-umweltschutz","tag-klimaschutz","tag-umweltmanagement","tag-weiterbildung-umweltschutz"],"acf":[],"_links":{"self":[{"href":"https:\/\/www.vnu-ev.de\/en\/wp-json\/wp\/v2\/posts\/598","targetHints":{"allow":["GET"]}}],"collection":[{"href":"https:\/\/www.vnu-ev.de\/en\/wp-json\/wp\/v2\/posts"}],"about":[{"href":"https:\/\/www.vnu-ev.de\/en\/wp-json\/wp\/v2\/types\/post"}],"author":[{"embeddable":true,"href":"https:\/\/www.vnu-ev.de\/en\/wp-json\/wp\/v2\/users\/118"}],"replies":[{"embeddable":true,"href":"https:\/\/www.vnu-ev.de\/en\/wp-json\/wp\/v2\/comments?post=598"}],"version-history":[{"count":3,"href":"https:\/\/www.vnu-ev.de\/en\/wp-json\/wp\/v2\/posts\/598\/revisions"}],"predecessor-version":[{"id":5593,"href":"https:\/\/www.vnu-ev.de\/en\/wp-json\/wp\/v2\/posts\/598\/revisions\/5593"}],"wp:attachment":[{"href":"https:\/\/www.vnu-ev.de\/en\/wp-json\/wp\/v2\/media?parent=598"}],"wp:term":[{"taxonomy":"category","embeddable":true,"href":"https:\/\/www.vnu-ev.de\/en\/wp-json\/wp\/v2\/categories?post=598"},{"taxonomy":"post_tag","embeddable":true,"href":"https:\/\/www.vnu-ev.de\/en\/wp-json\/wp\/v2\/tags?post=598"}],"curies":[{"name":"wp","href":"https:\/\/api.w.org\/{rel}","templated":true}]}}