{"id":600,"date":"2016-04-09T08:48:29","date_gmt":"2016-04-09T06:48:29","guid":{"rendered":"https:\/\/www.vnu-ev.de\/?p=338"},"modified":"2021-10-23T10:39:29","modified_gmt":"2021-10-23T08:39:29","slug":"peter-fischer","status":"publish","type":"post","link":"https:\/\/www.vnu-ev.de\/en\/members\/peter-fischer","title":{"rendered":"Peter Fischer"},"content":{"rendered":"<p>Peter Fischer arbeitet seit 1999\u00a0selbst\u00e4ndig als Berater, Auditor und Umweltgutachter. Bereits 1996 hat er seine Zulassung als Umweltgutachter erworben. Er ist damit auch berechtigt, Zertifizierungen nach ISO 14001 und ISO 50001 auszuf\u00fchren.<\/p>\n<p>Von 2010 bis 2018 war Peter Fischer Mitglied des Vorstands des VNU. Er betreute dort den EMAS-Club Rhein-Main und k\u00fcmmerte sich um die EDV. Er betreut weiterhin den EMAS-Club Regionalgruppe S\u00fcdwest.<\/p>\n<p>Dar\u00fcber hinaus ist er stellvertretender Vorsitzender im <a href=\"http:\/\/www.uga.de\" target=\"_blank\" rel=\"noopener noreferrer\">Umweltgutachterausschuss<\/a>. Der Umweltgutachterausschuss (UGA) ber\u00e4t das Bundesministerium f\u00fcr Umwelt, Naturschutz, Bau und Reaktorsicherheit in Fragen von EMAS.<\/p>\n<p>F\u00fcr Peter Fischer z\u00e4hlt der VNU zu den kompetenten Stellen, die sich seit vielen Jahren f\u00fcr die professionelle Verbindung von Umweltschutz und Nachhaltigkeit engagieren und die inhaltliche Entwicklung vorantreiben.<\/p>\n<p>Umweltschutz wird manchmal als \"Old School\" angesehen und Nachhaltigkeit taucht als moderner Begriff \u00fcberall auf. Aus seiner Sicht m\u00fcssen wir beides professionell verbinden, Transparenz und Glaubw\u00fcrdigkeit vorleben und nachweisbar machen. Deshalb unterst\u00fctzt er den VNU!<\/p>\n","protected":false},"excerpt":{"rendered":"<p>Peter Fischer arbeitet seit 1999\u00a0selbst\u00e4ndig als Berater, Auditor und Umweltgutachter. Bereits 1996 hat er seine&#8230; <a class=\"read-more\" href=\"https:\/\/www.vnu-ev.de\/en\/members\/peter-fischer\">More<\/a><\/p>\n","protected":false},"author":118,"featured_media":0,"comment_status":"closed","ping_status":"closed","sticky":false,"template":"","format":"standard","meta":{"_acf_changed":false,"footnotes":""},"categories":[2,271],"tags":[12,13,22,23,24,25,26,16,27],"class_list":["post-600","post","type-post","status-publish","format-standard","hentry","category-members","category-mitglieder","tag-emas","tag-energiemanagement","tag-iso-14001","tag-iso-50001","tag-nachhaltigkeit","tag-pfm","tag-uga","tag-umweltmanagement","tag-umweltrecht"],"acf":[],"_links":{"self":[{"href":"https:\/\/www.vnu-ev.de\/en\/wp-json\/wp\/v2\/posts\/600","targetHints":{"allow":["GET"]}}],"collection":[{"href":"https:\/\/www.vnu-ev.de\/en\/wp-json\/wp\/v2\/posts"}],"about":[{"href":"https:\/\/www.vnu-ev.de\/en\/wp-json\/wp\/v2\/types\/post"}],"author":[{"embeddable":true,"href":"https:\/\/www.vnu-ev.de\/en\/wp-json\/wp\/v2\/users\/118"}],"replies":[{"embeddable":true,"href":"https:\/\/www.vnu-ev.de\/en\/wp-json\/wp\/v2\/comments?post=600"}],"version-history":[{"count":5,"href":"https:\/\/www.vnu-ev.de\/en\/wp-json\/wp\/v2\/posts\/600\/revisions"}],"predecessor-version":[{"id":5492,"href":"https:\/\/www.vnu-ev.de\/en\/wp-json\/wp\/v2\/posts\/600\/revisions\/5492"}],"wp:attachment":[{"href":"https:\/\/www.vnu-ev.de\/en\/wp-json\/wp\/v2\/media?parent=600"}],"wp:term":[{"taxonomy":"category","embeddable":true,"href":"https:\/\/www.vnu-ev.de\/en\/wp-json\/wp\/v2\/categories?post=600"},{"taxonomy":"post_tag","embeddable":true,"href":"https:\/\/www.vnu-ev.de\/en\/wp-json\/wp\/v2\/tags?post=600"}],"curies":[{"name":"wp","href":"https:\/\/api.w.org\/{rel}","templated":true}]}}