{"id":6010,"date":"2024-08-30T12:04:50","date_gmt":"2024-08-30T10:04:50","guid":{"rendered":"https:\/\/www.vnu-ev.de\/en\/?p=6010"},"modified":"2024-08-30T12:07:47","modified_gmt":"2024-08-30T10:07:47","slug":"stammtisch-fuer-angehende-umweltgutachterinnen","status":"publish","type":"post","link":"https:\/\/www.vnu-ev.de\/en\/events\/stammtisch-fuer-angehende-umweltgutachterinnen","title":{"rendered":"Stammtisch f\u00fcr angehende Umweltgutachter:innen"},"content":{"rendered":"<p><strong>M\u00f6chten Sie mehr \u00fcber die Ausbildung zum \/ zur Umweltgutachter*in (UG) erfahren? Der Umweltgutachterausschuss (UGA) und der Verband f\u00fcr Nachhaltigkeits- und Umweltmanagement (VNU) starten am 13. September ein neues Austauschformat: Im Dialog mit erfahrenen, praktizierenden UG k\u00f6nnen Sie offene Fragen zur Aus\u00fcbung des Berufs sowie zum Weg dorthin kl\u00e4ren.<\/strong><\/p>\n<h2>Termin<\/h2>\n<p>13. September 2024<br \/>\n14:00 - 15:00 Uhr<\/p>\n<h2>Inhalt<\/h2>\n<p>Der Markt f\u00fcr die Zertifizierung von Umwelt- und Nachhaltigkeitsmanagementsystemen w\u00e4chst rapide - vorangetrieben durch Gesetzgebung. Rechtliche Anforderungen nach etwa einer nachweislichen Verbesserung der Umweltleistung oder der Konkretisierung von Aussagen zum Umweltschutz gehen Hand in Hand mit der Notwendigkeit, diese Informationen auch zu validieren. Besonders dem Berufsstand der UG werden hierbei gesetzliche Mandate zur Pr\u00fcfung dieser geforderten Ma\u00dfnahmen erteilt, sei es durch die Pr\u00fcfung von Managementsystemen nach EMAS, oder weitere Pr\u00fcf- und Sachverst\u00e4ndigent\u00e4tigkeiten, beispielsweise beim nationalen Emissionshandel oder der Entsorgung von Altfahrzeugen. Die exzellenten Fachkenntnisse und gewahrte Unabh\u00e4ngigkeit der freiberuflich t\u00e4tigen UG sind die Grundlage f\u00fcr glaubw\u00fcrdige und transparente Pr\u00fcfergebnisse.<\/p>\n<p>Die hohe und perspektivisch weiter steigende Nachfrage nach Pr\u00fcfungsleistungen hat jedoch den Nebeneffekt, dass es in gewissen Branchen bereits jetzt zu Engp\u00e4ssen an Pr\u00fcfer*innen kommt und Organisationen Wartezeiten ausgesetzt sind. Personen, die dar\u00fcber nachdenken, eine T\u00e4tigkeit als UG auszu\u00fcben, befinden sich aktuell in der besten Lage, hier eine Marktl\u00fccke zu f\u00fcllen.<\/p>\n<p><strong>Der geplante UG-Stammtisch soll interessierten Personen die M\u00f6glichkeit bieten, sich mit praktizierenden UG zu folgenden Themen auszutauschen:<\/strong><\/p>\n<ul>\n<li>Notwendiges Anforderungsprofil f\u00fcr die Aus\u00fcbung der T\u00e4tigkeit als UG<\/li>\n<li>UG-Pr\u00fcfung bei der Deutschen Akkreditierungs- und Zulassungsgesellschaft f\u00fcr Umweltgutachter (DAU): was ist zu beachten, wie bereite ich mich am besten vor?<\/li>\n<li>Der Job in der Praxis: wie sieht der Berufsalltag aus, welche Verdienstm\u00f6glichkeiten habe ich?<\/li>\n<li>Weitere Fragen und Anregungen<\/li>\n<\/ul>\n<p><strong>Auch praktizierende UG<\/strong> sollen im Rahmen des Treffens die M\u00f6glichkeit erhalten, sich untereinander zu Herausforderungen und aktuellen Themen auszutauschen.<\/p>\n<h2>Anmeldung<\/h2>\n<p>Die Veranstaltung findet online per Zoom am 13.9.2024 von 14:00 bis 15:00 Uhr statt und ist kostenlos.<br \/>\n<a href=\"https:\/\/adelphi.zoom.us\/meeting\/register\/tJUvcempqT8sG9JIqfmPyqUcfDielV7m-0F9#\/registration\"><strong>Anmeldungslink<\/strong><\/a><\/p>\n<h2>Weitere Informationen<\/h2>\n<p>Wiederkehrende Termine sind geplant, deren H\u00e4ufigkeit wird sich an der tats\u00e4chlichen Nachfrage nach der Veranstaltung orientieren. Bei Fragen wenden Sie sich gerne an die Gesch\u00e4ftsstelle des UGA unter <a href=\"mailto:info@uga.de\" target=\"_blank\" rel=\"noopener\">info@uga.de<\/a><\/p>\n","protected":false},"excerpt":{"rendered":"<p>M\u00f6chten Sie mehr \u00fcber die Ausbildung zum \/ zur Umweltgutachter*in (UG) erfahren? Der Umweltgutachterausschuss (UGA)&#8230; <a class=\"read-more\" href=\"https:\/\/www.vnu-ev.de\/en\/events\/stammtisch-fuer-angehende-umweltgutachterinnen\">More<\/a><\/p>\n","protected":false},"author":9,"featured_media":0,"comment_status":"closed","ping_status":"closed","sticky":false,"template":"","format":"standard","meta":{"_acf_changed":false,"footnotes":""},"categories":[9,1,226],"tags":[],"class_list":["post-6010","post","type-post","status-publish","format-standard","hentry","category-top-event","category-events","category-veranstaltungen"],"acf":[],"_links":{"self":[{"href":"https:\/\/www.vnu-ev.de\/en\/wp-json\/wp\/v2\/posts\/6010","targetHints":{"allow":["GET"]}}],"collection":[{"href":"https:\/\/www.vnu-ev.de\/en\/wp-json\/wp\/v2\/posts"}],"about":[{"href":"https:\/\/www.vnu-ev.de\/en\/wp-json\/wp\/v2\/types\/post"}],"author":[{"embeddable":true,"href":"https:\/\/www.vnu-ev.de\/en\/wp-json\/wp\/v2\/users\/9"}],"replies":[{"embeddable":true,"href":"https:\/\/www.vnu-ev.de\/en\/wp-json\/wp\/v2\/comments?post=6010"}],"version-history":[{"count":2,"href":"https:\/\/www.vnu-ev.de\/en\/wp-json\/wp\/v2\/posts\/6010\/revisions"}],"predecessor-version":[{"id":6013,"href":"https:\/\/www.vnu-ev.de\/en\/wp-json\/wp\/v2\/posts\/6010\/revisions\/6013"}],"wp:attachment":[{"href":"https:\/\/www.vnu-ev.de\/en\/wp-json\/wp\/v2\/media?parent=6010"}],"wp:term":[{"taxonomy":"category","embeddable":true,"href":"https:\/\/www.vnu-ev.de\/en\/wp-json\/wp\/v2\/categories?post=6010"},{"taxonomy":"post_tag","embeddable":true,"href":"https:\/\/www.vnu-ev.de\/en\/wp-json\/wp\/v2\/tags?post=6010"}],"curies":[{"name":"wp","href":"https:\/\/api.w.org\/{rel}","templated":true}]}}