{"id":6044,"date":"2024-10-18T13:47:34","date_gmt":"2024-10-18T11:47:34","guid":{"rendered":"https:\/\/www.vnu-ev.de\/en\/?p=6044"},"modified":"2024-10-21T11:51:29","modified_gmt":"2024-10-21T09:51:29","slug":"241120_klima-club","status":"publish","type":"post","link":"https:\/\/www.vnu-ev.de\/en\/events\/241120_klima-club","title":{"rendered":"VNU Klima-Club &#8211; Online"},"content":{"rendered":"<h2>Webinar-Einladung: VNU Klima-Club<\/h2>\n<p>Der VNU e.V. l\u00e4dt Sie herzlich zum n\u00e4chsten Webinar des VNU Klima-Clubs ein! Der VNU-Klima-Club bietet Mitgliedern und Interessierten eine Plattform, um sich intensiv zu Themen des betrieblichen Klimaschutzes auszutauschen, Best Practices zu teilen und neue Ans\u00e4tze im Klimamanagement zu entdecken.<\/p>\n<h2>Termin<\/h2>\n<p>20. November 2024<br \/>\n16:00 - 17:00 Uhr<\/p>\n<h2>Inhalt<\/h2>\n<p><strong>Beitrag zum Klimaschutz, das neue Narrativ!<br \/>\n<\/strong>Die Alternative zur Kompensation. Wie funktioniert eine Unterst\u00fctzung f\u00fcr den Klimaschutz heute?<br \/>\nStephan Schunkert wird mit einer kurzen Einleitung in das Thema einf\u00fchren, bevor Volker Hessel seine Erfahrungen und praxisnahen Erkenntnisse einbringt und zur Diskussion und einem Austausch eigener Erfahrung anregt..<br \/>\nNutzen Sie diese Gelegenheit, um wertvolle Einblicke zu gewinnen und neue Ideen f\u00fcr Ihr eigenes Klimaschutz-Engagement zu entwickeln. Wir freuen uns auf Ihre Teilnahme!<\/p>\n<h2>Moderation + Input<\/h2>\n<p><img loading=\"lazy\" decoding=\"async\" class=\"alignnone wp-image-8468 size-thumbnail\" src=\"https:\/\/www.vnu-ev.de\/wp-content\/uploads\/2024\/10\/Hessel_Volker-150x150.jpg\" alt=\"Volker Hessel\" width=\"150\" height=\"150\" srcset=\"https:\/\/www.vnu-ev.de\/en\/wp-content\/uploads\/2024\/10\/Hessel_Volker-150x150.jpg 150w, https:\/\/www.vnu-ev.de\/en\/wp-content\/uploads\/2024\/10\/Hessel_Volker-300x300.jpg 300w, https:\/\/www.vnu-ev.de\/en\/wp-content\/uploads\/2024\/10\/Hessel_Volker-500x500.jpg 500w, https:\/\/www.vnu-ev.de\/en\/wp-content\/uploads\/2024\/10\/Hessel_Volker-400x400.jpg 400w, https:\/\/www.vnu-ev.de\/en\/wp-content\/uploads\/2024\/10\/Hessel_Volker.jpg 600w\" sizes=\"auto, (max-width: 150px) 100vw, 150px\" \/><\/p>\n<p>Volker Hessel ist Head of Sustainability bei der Erwin Hymer Group SE. Zuvor war er als Head of Climate bei der Siemens AG t\u00e4tig und dort in allen Facetten des unternehmerischen Klimaschutzes aktiv.<\/p>\n<p><img loading=\"lazy\" decoding=\"async\" class=\"alignnone wp-image-8529 size-thumbnail\" src=\"https:\/\/www.vnu-ev.de\/en\/wp-content\/uploads\/2024\/10\/Schunkert-Stephan_KlimAktiv-150x150.jpg\" alt=\"Stephan Schunkert, KlimAktiv\" width=\"150\" height=\"150\" srcset=\"https:\/\/www.vnu-ev.de\/en\/wp-content\/uploads\/2024\/10\/Schunkert-Stephan_KlimAktiv-150x150.jpg 150w, https:\/\/www.vnu-ev.de\/en\/wp-content\/uploads\/2024\/10\/Schunkert-Stephan_KlimAktiv-300x300.jpg 300w, https:\/\/www.vnu-ev.de\/en\/wp-content\/uploads\/2024\/10\/Schunkert-Stephan_KlimAktiv-500x500.jpg 500w, https:\/\/www.vnu-ev.de\/en\/wp-content\/uploads\/2024\/10\/Schunkert-Stephan_KlimAktiv-400x400.jpg 400w, https:\/\/www.vnu-ev.de\/en\/wp-content\/uploads\/2024\/10\/Schunkert-Stephan_KlimAktiv.jpg 600w\" sizes=\"auto, (max-width: 150px) 100vw, 150px\" \/><br \/>\nStephan Schunkert gr\u00fcndete vor \u00fcber 20 Jahren die KlimAktiv Consulting GmbH sowie sp\u00e4ter die gemeinn\u00fctzige KlimAktiv GmbH. Er verf\u00fcgt \u00fcber mehr als 30 Jahren Erfahrung in der Luft- und Raumfahrttechnik, der Energiewirtschaft, im Emissionshandel sowie im Klimaschutz. Im VNU leitet Herr Schunkert das Ressort Klimaschutz.<\/p>\n<h2><strong>Anmeldung<\/strong><\/h2>\n<p>VNU-Mitglieder k\u00f6nnen sich formlos in der VNU Gesch\u00e4ftsstelle (<a href=\"mailto:vnu@vnu-ev.de\">vnu@vnu-ev.de<\/a>) anmelden und nehmen immer kostenfrei teil.<\/p>\n<p>Nicht-Mitglieder haben die M\u00f6glichkeit der einmaligen kostenfreien Teilnahme zum Kennenlernen.<br \/>\nAb der 2. Teilnahme wird eine Geb\u00fchr von 50 \u20ac netto zzgl. 19 % MwSt. erhoben.Nicht-Mitglieder (auch bei der ersten kostenfreien Teilnahme) werden gebeten, sich online anzumelden.<\/p>\n<p><a href=\"https:\/\/www.vnu-ev.de\/veranstaltungen\/241120_vnu-klima-club-anmeldung\"><strong>Online-Anmeldung<\/strong><\/a><\/p>\n<h2>\u00dcber dieses Angebot<\/h2>\n<p>Die Teilnehmerinnen und Teilnehmer erhalten nach dem virtuellen Treffen die freigegebenen Vortr\u00e4ge.<br \/>\nVNU-Mitglieder k\u00f6nnen die freigegebenen Vortr\u00e4ge von der VNU Homepage downloaden.<\/p>\n<p>Haben Sie W\u00fcnsche zu aktuellen Themen und Fragen rund um den Klimaschutz, die beim VNU Klima-Club\u00a0 angesprochen werden sollten?<br \/>\nWenden Sie sich bitte an die VNU Gesch\u00e4ftsstelle (<a href=\"mailto:vnu@vnu-ev.de\">vnu@vnu-ev.de<\/a>).<\/p>\n<p>... \u00fcber das VNU-Ressort Klimaschutz: <a href=\"https:\/\/www.vnu-ev.de\/ressorts\/ressort-klimaschutz\" target=\"_blank\" rel=\"noopener\">Ressort Klimaschutz<\/a><br \/>\n... \u00fcber alle VNU-Ressorts: <a href=\"https:\/\/www.vnu-ev.de\/ressorts\" target=\"_blank\" rel=\"noopener\">Ressortleitungen<\/a><br \/>\n... \u00fcber eine VNU Mitgliedschaft : <a href=\"https:\/\/www.vnu-ev.de\/ueber-uns\/mitglied-werden\" target=\"_blank\" rel=\"noopener noreferrer\">Mitglied werden<\/a><\/p>\n","protected":false},"excerpt":{"rendered":"<p>Webinar-Einladung: VNU Klima-Club Der VNU e.V. l\u00e4dt Sie herzlich zum n\u00e4chsten Webinar des VNU Klima-Clubs&#8230; <a class=\"read-more\" href=\"https:\/\/www.vnu-ev.de\/en\/events\/241120_klima-club\">More<\/a><\/p>\n","protected":false},"author":9,"featured_media":0,"comment_status":"closed","ping_status":"closed","sticky":false,"template":"","format":"standard","meta":{"_acf_changed":false,"footnotes":""},"categories":[1],"tags":[],"class_list":["post-6044","post","type-post","status-publish","format-standard","hentry","category-events"],"acf":[],"_links":{"self":[{"href":"https:\/\/www.vnu-ev.de\/en\/wp-json\/wp\/v2\/posts\/6044","targetHints":{"allow":["GET"]}}],"collection":[{"href":"https:\/\/www.vnu-ev.de\/en\/wp-json\/wp\/v2\/posts"}],"about":[{"href":"https:\/\/www.vnu-ev.de\/en\/wp-json\/wp\/v2\/types\/post"}],"author":[{"embeddable":true,"href":"https:\/\/www.vnu-ev.de\/en\/wp-json\/wp\/v2\/users\/9"}],"replies":[{"embeddable":true,"href":"https:\/\/www.vnu-ev.de\/en\/wp-json\/wp\/v2\/comments?post=6044"}],"version-history":[{"count":2,"href":"https:\/\/www.vnu-ev.de\/en\/wp-json\/wp\/v2\/posts\/6044\/revisions"}],"predecessor-version":[{"id":6060,"href":"https:\/\/www.vnu-ev.de\/en\/wp-json\/wp\/v2\/posts\/6044\/revisions\/6060"}],"wp:attachment":[{"href":"https:\/\/www.vnu-ev.de\/en\/wp-json\/wp\/v2\/media?parent=6044"}],"wp:term":[{"taxonomy":"category","embeddable":true,"href":"https:\/\/www.vnu-ev.de\/en\/wp-json\/wp\/v2\/categories?post=6044"},{"taxonomy":"post_tag","embeddable":true,"href":"https:\/\/www.vnu-ev.de\/en\/wp-json\/wp\/v2\/tags?post=6044"}],"curies":[{"name":"wp","href":"https:\/\/api.w.org\/{rel}","templated":true}]}}