{"id":6074,"date":"2025-01-10T14:49:00","date_gmt":"2025-01-10T13:49:00","guid":{"rendered":"https:\/\/www.vnu-ev.de\/en\/?p=6074"},"modified":"2025-03-28T07:49:00","modified_gmt":"2025-03-28T06:49:00","slug":"umwelt-und-nachhaltigkeitsmanagementtag-2025","status":"publish","type":"post","link":"https:\/\/www.vnu-ev.de\/en\/events\/umwelt-und-nachhaltigkeitsmanagementtag-2025","title":{"rendered":"Environment and Sustainability Management Day 2025"},"content":{"rendered":"<div id=\"attachment_1066\" style=\"width: 160px\" class=\"wp-caption alignnone\"><img aria-describedby=\"caption-attachment-1066\" loading=\"lazy\" decoding=\"async\" class=\"wp-image-1066 size-thumbnail\" src=\"https:\/\/www.vnu-ev.de\/en\/wp-content\/uploads\/2016\/12\/Boerse_Frankfurt-e1483021293227-150x150.jpg\" alt=\"IHK \/ B\u00f6rse\" width=\"150\" height=\"150\" srcset=\"https:\/\/www.vnu-ev.de\/en\/wp-content\/uploads\/2016\/12\/Boerse_Frankfurt-e1483021293227-150x150.jpg 150w, https:\/\/www.vnu-ev.de\/en\/wp-content\/uploads\/2016\/12\/Boerse_Frankfurt-e1483021293227-300x300.jpg 300w, https:\/\/www.vnu-ev.de\/en\/wp-content\/uploads\/2016\/12\/Boerse_Frankfurt-e1483021293227-1024x1024.jpg 1024w, https:\/\/www.vnu-ev.de\/en\/wp-content\/uploads\/2016\/12\/Boerse_Frankfurt-e1483021293227-500x500.jpg 500w, https:\/\/www.vnu-ev.de\/en\/wp-content\/uploads\/2016\/12\/Boerse_Frankfurt-e1483021293227-400x400.jpg 400w, https:\/\/www.vnu-ev.de\/en\/wp-content\/uploads\/2016\/12\/Boerse_Frankfurt-e1483021293227.jpg 1099w\" sizes=\"auto, (max-width: 150px) 100vw, 150px\" \/><p id=\"caption-attachment-1066\" class=\"wp-caption-text\">IHK \/ Stock Exchange<br \/>Frankfurt \/ Main<\/p><\/div>\n<h2>Trends and tools for sustainable corporate development<\/h2>\n<p>Sustainability is not a trend, but the core of future-orientated corporate strategies. On 13 March 2025, we invite you to the IHK Frankfurt \/ Main to get to know the latest developments, tools and perspectives for sustainable corporate development together with experts.<\/p>\n<p>You can look forward to a day full of interesting presentations, stimulating discussions and forward-looking impulses, in particular through an inspiring keynote speech by Andreas Huber.<\/p>\n<h2><strong>The day at a glance<\/strong><\/h2>\n<p><strong>Date<br \/>\n<\/strong>Thursday, March, 13th, 2025<\/p>\n<p><strong>Venue<\/strong><br \/>\nIHK Frankfurt am Main, B\u00f6rsenplatz 4, 60313 Frankfurt<\/p>\n<p><strong>Specialist Event UNT<br \/>\n<\/strong>Welcome \/ Registration from 10:30 h \/ Opening 11:00 h \/ Close about 17:30 h<\/p>\n<p><strong>Anniversary celebration<br \/>\n<\/strong>Opening 18:00 h <strong>\/ <\/strong>end about 20.30 h<\/p>\n<h2><strong>Programme<br \/>\n<\/strong><\/h2>\n<p>The following expert presentations are on the programme for you:<\/p>\n<p><strong>11:00 h - Welcome<br \/>\n<\/strong>IHK Frankfurt \/ Main, VNU Vorstand<strong><br \/>\n<\/strong><\/p>\n<p><strong>11:15 h - Modell Deutschland Circular Economy<br \/>\n<\/strong>Szenarien zur Ber\u00fccksichtigung \u00f6konomischer und \u00f6kologischer Aspekte<br \/>\nWWF mit Moderation durch den VNU<strong><br \/>\n<\/strong><\/p>\n<p><strong>12:00 h - Update zum Umweltrecht<\/strong><br \/>\nRechtsanwalt Julian Hirschberg<\/p>\n<p>12:45 h - Mittagspause<\/p>\n<p><strong>13:30 h - CSRD-Berichtspflicht<br \/>\n<\/strong>Erfahrungsberichte zur Wesentlichkeitsanalyse, Berichterstellung und Pr\u00fcfung<br \/>\nVertreterinnen und Vertreter aus Unternehmen und Pr\u00fcforganisationen<\/p>\n<p><strong>14;30 h - PFAS<br \/>\nDie ewigen Chemikalien und der Umgang damit in der Praxis<\/strong><br \/>\nEva Hink-Lemke, iPoint-systems gmbh<\/p>\n<p><strong>15:00 h - Net-Zero-Industry Ac<\/strong>t<br \/>\nDie F\u00f6rderung sauberer Technologien in der EU<br \/>\nJakob Flechtner, Zukunft - Umwelt - Gesellschaft (ZUG) gGmbH<\/p>\n<p>15:30 h - Kaffeepause<\/p>\n<p><strong>16:00 h - Key Note von Andreas Huber<br \/>\n<\/strong>Deutsche Gesellschaft Club of Rome<\/p>\n<h2><strong>Key-Note-Speaker<\/strong><\/h2>\n<div id=\"attachment_8581\" style=\"width: 310px\" class=\"wp-caption alignnone\"><img aria-describedby=\"caption-attachment-8581\" loading=\"lazy\" decoding=\"async\" class=\"wp-image-8581 size-medium\" src=\"https:\/\/www.vnu-ev.de\/wp-content\/uploads\/2025\/01\/5O6XzX93-e1736515228920-300x300.jpeg\" alt=\"\" width=\"300\" height=\"300\" srcset=\"https:\/\/www.vnu-ev.de\/en\/wp-content\/uploads\/2025\/01\/5O6XzX93-e1736515228920-300x300.jpeg 300w, https:\/\/www.vnu-ev.de\/en\/wp-content\/uploads\/2025\/01\/5O6XzX93-e1736515228920-150x150.jpeg 150w, https:\/\/www.vnu-ev.de\/en\/wp-content\/uploads\/2025\/01\/5O6XzX93-e1736515228920-500x500.jpeg 500w, https:\/\/www.vnu-ev.de\/en\/wp-content\/uploads\/2025\/01\/5O6XzX93-e1736515228920-400x400.jpeg 400w, https:\/\/www.vnu-ev.de\/en\/wp-content\/uploads\/2025\/01\/5O6XzX93-e1736515228920.jpeg 850w\" sizes=\"auto, (max-width: 300px) 100vw, 300px\" \/><p id=\"caption-attachment-8581\" class=\"wp-caption-text\">Photo: Fraport AG<\/p><\/div>\n<p>We are very pleased that we were able to win Mr <a href=\"http:\/\/www.andreas-huber.org\" target=\"_blank\" rel=\"noopener\"><strong>Andreas Huber<\/strong><\/a> (German CLUB OF ROME) for this key-note<\/p>\n<p>He has been a passionate speaker on sustainable development and sustainability for 15 years. Having grown up in a small village in the Swabian Alb, he was inspired to rethink his potential career path as a commercial lawyer by a lecture given by future thinker Radermacher during his studies. He increasingly focussed on global trends and the associated ecological, cultural and social changes and, at the age of just 30, was appointed Managing Director of the German Club of Rome. In 2009, an appointment with Dennis Meadows encouraged him to give lectures himself. He met Meadows several times and learnt from him how to involve his audience and facilitate a change of perspective. You can look forward to an emotional journey about life, our points of view and the future, in which his twin girls have also played a major role since 2020.<\/p>\n<h2>VNU Anniversary<\/h2>\n<p><img loading=\"lazy\" decoding=\"async\" class=\"alignnone wp-image-8625 size-medium\" src=\"https:\/\/www.vnu-ev.de\/wp-content\/uploads\/2025\/01\/VNU_25_Wordle_web-e1737468666764-300x223.jpg\" alt=\"\" width=\"300\" height=\"223\" srcset=\"https:\/\/www.vnu-ev.de\/en\/wp-content\/uploads\/2025\/01\/VNU_25_Wordle_web-e1737468666764-300x223.jpg 300w, https:\/\/www.vnu-ev.de\/en\/wp-content\/uploads\/2025\/01\/VNU_25_Wordle_web-e1737468666764-150x112.jpg 150w, https:\/\/www.vnu-ev.de\/en\/wp-content\/uploads\/2025\/01\/VNU_25_Wordle_web-e1737468666764.jpg 960w\" sizes=\"auto, (max-width: 300px) 100vw, 300px\" \/><\/p>\n<p>&nbsp;<\/p>\n<p>... it's the VNU's birthday! We are happy to invite you to our 25th jubilee and therefore an <strong>anniversary celebration<\/strong> (18:00 h until around 20.30 h) will take place at the IHK Frankfurt am Main after Andreas Huber's lecture. With a buffet and drinks, you will have the opportunity to continue the discussions in a relaxed atmosphere, expand your network, reminisce, look to the future and bring the day to a close together.<\/p>\n<p>&nbsp;<\/p>\n<h2>Registration<\/h2>\n<p><strong>Members of the VNU take part in this event at a reduced fee.<\/strong> Membership is possible as an individual or for companies. You can test both forms of membership in the form of a 12-month trial membership with all the benefits and services of the association. New members benefit immediately from the discounted participation fees. You can find information on this in the <a href=\"https:\/\/www.vnu-ev.de\/en\/at-a-glance\">VNU profile<\/a> and under \u2018<a href=\"https:\/\/www.vnu-ev.de\/en\/about-us\/become-a-member\">Become a member<\/a>\u2019.<\/p>\n<p>All participants of the Environmental and Sustainability Management Day and invited guests are welcome to attend the free <strong>anniversary celebration<\/strong> afterwards.<\/p>\n<p><a href=\"https:\/\/www.vnu-ev.de\/veranstaltungen\/anmeldung-zum-unt2025\"><strong>ONLINE-REGISTRATION<\/strong><\/a><\/p>\n<p><strong>Please register in all cases so that we can plan both the specialist event and the anniversary celebration. Places are limited.<\/strong><\/p>\n<p><strong>Please also let us know if you have to cancel your registration. Thank you very much in advance!<\/strong><\/p>\n<h2>Documentation<\/h2>\n<p>The authorised presentations will be available to participants after the event. VNU members can also download them from the VNU homepage.<\/p>\n<p><strong>We look forward to welcoming you to Frankfurt in March 2025 and discussing the sustainable future with you.<\/strong><\/p>\n","protected":false},"excerpt":{"rendered":"<p>Trends and tools for sustainable corporate development Sustainability is not a trend, but the core&#8230; <a class=\"read-more\" href=\"https:\/\/www.vnu-ev.de\/en\/events\/umwelt-und-nachhaltigkeitsmanagementtag-2025\">More<\/a><\/p>\n","protected":false},"author":9,"featured_media":0,"comment_status":"closed","ping_status":"closed","sticky":false,"template":"","format":"standard","meta":{"_acf_changed":false,"footnotes":""},"categories":[1],"tags":[],"class_list":["post-6074","post","type-post","status-publish","format-standard","hentry","category-events"],"acf":[],"_links":{"self":[{"href":"https:\/\/www.vnu-ev.de\/en\/wp-json\/wp\/v2\/posts\/6074","targetHints":{"allow":["GET"]}}],"collection":[{"href":"https:\/\/www.vnu-ev.de\/en\/wp-json\/wp\/v2\/posts"}],"about":[{"href":"https:\/\/www.vnu-ev.de\/en\/wp-json\/wp\/v2\/types\/post"}],"author":[{"embeddable":true,"href":"https:\/\/www.vnu-ev.de\/en\/wp-json\/wp\/v2\/users\/9"}],"replies":[{"embeddable":true,"href":"https:\/\/www.vnu-ev.de\/en\/wp-json\/wp\/v2\/comments?post=6074"}],"version-history":[{"count":6,"href":"https:\/\/www.vnu-ev.de\/en\/wp-json\/wp\/v2\/posts\/6074\/revisions"}],"predecessor-version":[{"id":6123,"href":"https:\/\/www.vnu-ev.de\/en\/wp-json\/wp\/v2\/posts\/6074\/revisions\/6123"}],"wp:attachment":[{"href":"https:\/\/www.vnu-ev.de\/en\/wp-json\/wp\/v2\/media?parent=6074"}],"wp:term":[{"taxonomy":"category","embeddable":true,"href":"https:\/\/www.vnu-ev.de\/en\/wp-json\/wp\/v2\/categories?post=6074"},{"taxonomy":"post_tag","embeddable":true,"href":"https:\/\/www.vnu-ev.de\/en\/wp-json\/wp\/v2\/tags?post=6074"}],"curies":[{"name":"wp","href":"https:\/\/api.w.org\/{rel}","templated":true}]}}