{"id":6088,"date":"2025-01-14T11:28:04","date_gmt":"2025-01-14T10:28:04","guid":{"rendered":"https:\/\/www.vnu-ev.de\/en\/?p=6088"},"modified":"2025-06-26T11:15:08","modified_gmt":"2025-06-26T09:15:08","slug":"annual-forum-2025","status":"publish","type":"post","link":"https:\/\/www.vnu-ev.de\/en\/events\/annual-forum-2025","title":{"rendered":"Annual Forum 2025"},"content":{"rendered":"<h2><img loading=\"lazy\" decoding=\"async\" class=\"size-thumbnail wp-image-5168 alignnone\" src=\"https:\/\/www.vnu-ev.de\/wp-content\/uploads\/2020\/04\/Zoom_Meeting-e1588183279245-150x150.png\" alt=\"\" width=\"150\" height=\"150\" srcset=\"https:\/\/www.vnu-ev.de\/en\/wp-content\/uploads\/2020\/04\/Zoom_Meeting-e1588183279245-150x150.png 150w, https:\/\/www.vnu-ev.de\/en\/wp-content\/uploads\/2020\/04\/Zoom_Meeting-e1588183279245.png 239w\" sizes=\"auto, (max-width: 150px) 100vw, 150px\" \/>\u00a0 <img loading=\"lazy\" decoding=\"async\" class=\"wp-image-2338 size-thumbnail alignnone\" src=\"https:\/\/www.vnu-ev.de\/wp-content\/uploads\/2017\/06\/VNU_Logo_96_quer-150x150.gif\" alt=\"\" width=\"150\" height=\"150\" srcset=\"https:\/\/www.vnu-ev.de\/en\/wp-content\/uploads\/2017\/06\/VNU_Logo_96_quer-150x150.gif 150w, https:\/\/www.vnu-ev.de\/en\/wp-content\/uploads\/2017\/06\/VNU_Logo_96_quer-300x300.gif 300w, https:\/\/www.vnu-ev.de\/en\/wp-content\/uploads\/2017\/06\/VNU_Logo_96_quer-500x500.gif 500w, https:\/\/www.vnu-ev.de\/en\/wp-content\/uploads\/2017\/06\/VNU_Logo_96_quer-400x400.gif 400w\" sizes=\"auto, (max-width: 150px) 100vw, 150px\" \/><\/h2>\n<h2>VNU Annual Forum 2025 - ONLINE<\/h2>\n<p><strong>Impulse setzen \u2013 Perspektiven schaffen \u2013 Gemeinsam handeln<\/strong><\/p>\n<p>Am 24. Juni 2025 ist es wieder soweit: Die VNU-Jahrestagung bringt unsere Mitglieder online zusammen, um die dr\u00e4ngenden Themen des Umwelt- und Nachhaltigkeitsmanagements zu diskutieren. Freuen Sie sich auf ein inspirierendes Programm, das von 10:00 bis 15:15 Uhr Gelegenheit f\u00fcr Wissensaustausch, Netzwerken und Mitgestaltung bietet.<\/p>\n<p><strong>Programm-Highlights<\/strong><\/p>\n<p>\u2013 <strong>Er\u00f6ffnungs-Vortrag<\/strong>: Ein informativer und anregender Einstieg in aktuelle Entwicklungen und Fragestellungen im Umwelt- und Nachhaltigkeitsmanagement.<br \/>\n\u2013 <strong>Interaktive World Caf\u00e9s<\/strong>: Ob Austausch, Wissensvertiefung oder das Sammeln von Ideen \u2013 in den World Caf\u00e9s erwarten Sie anregende Diskussionen und spannende Einblicke zu verschiedenen Themen.<br \/>\n\u2013 <strong>Vernetzung und Dialog<\/strong>: Tauschen Sie sich mit anderen Mitgliedern aus, um voneinander zu lernen und neue Perspektiven zu schaffen.<\/p>\n<h2><strong>Ihre Themen, Ihre Impulse<\/strong><\/h2>\n<p>Wir laden alle VNU-Mitglieder herzlich ein, die Jahrestagung aktiv mitzugestalten: M\u00f6chten Sie ein eigenes Thema in einem Vortrag oder einem World Caf\u00e9 pr\u00e4sentieren? Oder haben Sie W\u00fcnsche f\u00fcr Themen, zu denen Sie sich mehr Einblicke w\u00fcnschen?<br \/>\nIhre Ideen sind herzlich willkommen \u2013 schreiben Sie uns an\u00a0 <a href=\"mailto:vnu@vnu-ev.de ?subject=VNU Jahrestagung\">VNU-Gesch\u00e4ftsstelle<\/a><\/p>\n<h2>Save the Date<\/h2>\n<p>Die Jahrestagung ist <strong>exklusiv und kostenfrei f\u00fcr VNU-Mitglieder.<\/strong> Bitte merken Sie sich den Termin bereits vor:<\/p>\n<p><strong>Termin<\/strong>: 24. Juni 2025, 9:30 bis ca. 16:00 Uhr<br \/>\n<strong>Online Meeting Plattform<\/strong>: Zoom<\/p>\n<p>Bleiben Sie gespannt \u2013 wir freuen uns auf Ihre Teilnahme und Ihre Impulse f\u00fcr eine nachhaltige Zukunft<\/p>\n","protected":false},"excerpt":{"rendered":"<p>\u00a0 VNU Annual Forum 2025 &#8211; ONLINE Impulse setzen \u2013 Perspektiven schaffen \u2013 Gemeinsam handeln&#8230; <a class=\"read-more\" href=\"https:\/\/www.vnu-ev.de\/en\/events\/annual-forum-2025\">More<\/a><\/p>\n","protected":false},"author":9,"featured_media":0,"comment_status":"closed","ping_status":"closed","sticky":false,"template":"","format":"standard","meta":{"_acf_changed":false,"footnotes":""},"categories":[1],"tags":[],"class_list":["post-6088","post","type-post","status-publish","format-standard","hentry","category-events"],"acf":[],"_links":{"self":[{"href":"https:\/\/www.vnu-ev.de\/en\/wp-json\/wp\/v2\/posts\/6088","targetHints":{"allow":["GET"]}}],"collection":[{"href":"https:\/\/www.vnu-ev.de\/en\/wp-json\/wp\/v2\/posts"}],"about":[{"href":"https:\/\/www.vnu-ev.de\/en\/wp-json\/wp\/v2\/types\/post"}],"author":[{"embeddable":true,"href":"https:\/\/www.vnu-ev.de\/en\/wp-json\/wp\/v2\/users\/9"}],"replies":[{"embeddable":true,"href":"https:\/\/www.vnu-ev.de\/en\/wp-json\/wp\/v2\/comments?post=6088"}],"version-history":[{"count":7,"href":"https:\/\/www.vnu-ev.de\/en\/wp-json\/wp\/v2\/posts\/6088\/revisions"}],"predecessor-version":[{"id":6160,"href":"https:\/\/www.vnu-ev.de\/en\/wp-json\/wp\/v2\/posts\/6088\/revisions\/6160"}],"wp:attachment":[{"href":"https:\/\/www.vnu-ev.de\/en\/wp-json\/wp\/v2\/media?parent=6088"}],"wp:term":[{"taxonomy":"category","embeddable":true,"href":"https:\/\/www.vnu-ev.de\/en\/wp-json\/wp\/v2\/categories?post=6088"},{"taxonomy":"post_tag","embeddable":true,"href":"https:\/\/www.vnu-ev.de\/en\/wp-json\/wp\/v2\/tags?post=6088"}],"curies":[{"name":"wp","href":"https:\/\/api.w.org\/{rel}","templated":true}]}}