{"id":6138,"date":"2025-04-05T21:08:42","date_gmt":"2025-04-05T19:08:42","guid":{"rendered":"https:\/\/www.vnu-ev.de\/en\/?p=6138"},"modified":"2025-04-25T07:52:04","modified_gmt":"2025-04-25T05:52:04","slug":"vnu-mitgliederversammlung-2025","status":"publish","type":"post","link":"https:\/\/www.vnu-ev.de\/en\/events\/vnu-mitgliederversammlung-2025","title":{"rendered":"VNU-Mitgliederversammlung 2025"},"content":{"rendered":"<p style=\"text-align: left;\"><strong>Liebe VNU-Mitglieder,<\/strong><\/p>\n<p style=\"text-align: left;\">wir laden Sie herzlich zur virtuellen VNU-Mitgliederversammlung ein, die am 7. April 2025 von 9:30 bis ca. 12:00 Uhr als ZOOM-Meeting stattfinden wird. Wir freuen uns darauf, Sie \u00fcber aktuelle Entwicklungen im Verband zu informieren, gemeinsam unsere Themen zu besprechen und die zuk\u00fcnftige Ausrichtung des VNU zu gestalten.<\/p>\n<p><strong>Ein besonderes Highlight<\/strong><br \/>\n<strong>Der VNU feiert sein 25-j\u00e4hriges Bestehen!<\/strong><br \/>\nDieses Jubil\u00e4um unterstreicht unser langj\u00e4hriges Engagement f\u00fcr Umwelt- und Nachhaltigkeitsmanagement und bietet Anlass, Erinnerungen aufleben zu lassen und \u00fcber die Zukunft zu diskutieren. Zum Verbandsgeburstag ist ein <a href=\"https:\/\/www.linkedin.com\/feed\/update\/urn:li:activity:7311672910560088064\/?lipi=urn%3Ali%3Apage%3Ad_flagship3_company_admin%3BofKUVEhLQRKqK2ML5Ou7uw%3D%3D\">Film<\/a> (LinkedIn Beitrag) entstanden.<\/p>\n<h2>Wichtige Details<\/h2>\n<p><strong>Online-Registrierung<\/strong>: Ab 9:00 Uhr m\u00f6glich.<br \/>\n<strong>Zugangslink: <\/strong>Diesen erhalten Sie nach Ihrer Anmeldung.<strong><br \/>\nEinladung und Tagesordnung<\/strong>: Die offizielle Einladung sowie die Tagesordnung wurden am 8. M\u00e4rz 2025 an alle stimmberechtigten Mitglieder versendet.<\/p>\n<h3>Stimm\u00fcbertragung<\/h3>\n<p>Falls Sie stimmberechtigt sind, jedoch pers\u00f6nlich nicht teilnehmen k\u00f6nnen, besteht die M\u00f6glichkeit, Ihr Stimmrecht auf ein anderes VNU-Mitglied zu \u00fcbertragen. Nutzen Sie dazu bitte das [ <a href=\"https:\/\/www.vnu-ev.de\/wp-content\/uploads\/2025\/03\/VNU_MV_2025_Uebertragung_Stimmrecht.pdf\" target=\"_blank\" rel=\"noopener\">\u00dcbertragungsformular<\/a> ].<\/p>\n<h3>Teilnahme f\u00fcr nicht-stimmberechtigte Mitglieder<\/h3>\n<p>Selbstverst\u00e4ndlich sind auch alle nicht-stimmberechtigten VNU-Mitglieder herzlich eingeladen, an der Mitgliederversammlung teilzunehmen.<\/p>\n<h3 style=\"text-align: left;\">Beratungsunterlagen<\/h3>\n<p style=\"text-align: left;\">Aktuelle Beratungsunterlagen stehen zur Verf\u00fcgung und werden laufend aktualisiert.<br \/>\nIhr Log-In ist erforderlich, um darauf zugreifen zu k\u00f6nnen.<\/p>\n<h2>Tagesordnung<\/h2>\n<ol>\n<li style=\"text-align: left;\">Begr\u00fc\u00dfung, Wahl des\/der Protokollf\u00fchrers\/in und des\/r Wahlleiters\/in (L. Schleicher)<\/li>\n<li style=\"text-align: left;\">Genehmigung des [ <a href=\"https:\/\/www.vnu-ev.de\/?s2member_file_download=\/access-s2member-level1\/Aufz\/2025\/250407_MV_T02_Protokoll_MV_2024.pdf\" target=\"_blank\" rel=\"noopener\"><strong>Protokolls<\/strong><\/a> ] der Mitgliederversammlung 2024 (L. Schleicher)<\/li>\n<li style=\"text-align: left;\">Genehmigung der [ <a href=\"https:\/\/www.vnu-ev.de\/?s2member_file_download=\/access-s2member-level1\/Aufz\/2025\/250407_MV_T03_Tagesordnung.pdf\" target=\"_blank\" rel=\"noopener\"><strong>Tagesordnung <\/strong><\/a>] f\u00fcr den 7. April 2025 (L. Schleicher)<\/li>\n<li style=\"text-align: left;\">[ <a href=\"https:\/\/www.vnu-ev.de\/?s2member_file_download=\/access-s2member-level1\/Aufz\/2025\/250407_MV_T04_Rechenschaftsbericht.pdf\"><strong>Rechenschaftsbericht<\/strong> <\/a>] des Vorstands (L. Schleicher, B. Heimer)<\/li>\n<li style=\"text-align: left;\">Der [ <strong>Bericht<\/strong> ] \u00fcber den EMAS Club Europe ist im Rechenschaftsbericht Nr. 3.4 enthalten<\/li>\n<li style=\"text-align: left;\">[ <a href=\"https:\/\/www.vnu-ev.de\/?s2member_file_download=\/access-s2member-level1\/Aufz\/2025\/250407_MV_T06_Ressortbericht.pdf\" target=\"_blank\" rel=\"noopener\"><strong>Bericht<\/strong><\/a> ] aus den Ressorts (L. Schleicher)<\/li>\n<li style=\"text-align: left;\">[ <strong>Bericht<\/strong> ] des Beirats (Prof. Dr. E. K. Seifert)<\/li>\n<li style=\"text-align: left;\">Jahresabschluss 2024 [ <strong><a href=\"https:\/\/www.vnu-ev.de\/?s2member_file_download=\/access-s2member-level1\/Aufz\/2025\/250407_MV_T08_Abschluss_2024.pdf\">Abschluss<\/a><\/strong>\u00a0] [ <strong><a href=\"https:\/\/www.vnu-ev.de\/?s2member_file_download=\/access-s2member-level1\/Aufz\/2025\/250407_MV_T08_T13_Finanzbericht.pdf\">Finanzbericht<\/a> <\/strong>] (B. Heimer)<\/li>\n<li>[ <a href=\"https:\/\/www.vnu-ev.de\/?s2member_file_download=\/access-s2member-level1\/Aufz\/2025\/250407_MV_T09_Bericht_Kassenpruefer.pdf\" target=\"_blank\" rel=\"noopener\"><strong>Bericht<\/strong><\/a> ] der Kassenpr\u00fcfer\/in (F. Meckel, R. St\u00e4hle)<\/li>\n<li style=\"text-align: left;\">Entlastung des Vorstands (Wahlleiter\/in)<\/li>\n<li>Wahlen der Vorstandskandidaten [ <a href=\"https:\/\/www.vnu-ev.de\/?s2member_file_download=\/access-s2member-level1\/Aufz\/2025\/250407_MV_T11_Vorstellung_Kandidatur_VS.pdf\"><strong>Vorstellung des Kandidaten <\/strong><\/a>] (Wahlleiter\/in)<\/li>\n<li style=\"text-align: left;\">Wahlen der Kassenpr\u00fcfers\/in (Wahlleiter\/in)<\/li>\n<li style=\"text-align: left;\">Haushaltsplan 2025\u00a0 [ <a href=\"https:\/\/www.vnu-ev.de\/?s2member_file_download=\/access-s2member-level1\/Aufz\/2025\/250407_MV_T13_Haushaltsplan_2025.pdf\"><strong>Haushaltsplan<\/strong><\/a> ] (B. Heimer)<\/li>\n<li style=\"text-align: left;\">Verschiedenes<\/li>\n<\/ol>\n<h2>Anmeldung<\/h2>\n<p style=\"text-align: left;\">Die Teilnahme ist kostenlos und ausschlie\u00dflich VNU-Mitgliedern vorbehalten. Bitte nutzen Sie die <a href=\"https:\/\/www.vnu-ev.de\/veranstaltungen\/anmeldung-zur-virtuellen-mitgliederversammlung-2025\" target=\"_blank\" rel=\"noopener\"><strong>Online-Anmeldung<\/strong><\/a> f\u00fcr die Teilnahme an der VNU-Mitgliederversammlung. Vielen Dank!<\/p>\n<h3>Aktualisierung von Kontaktdaten<\/h3>\n<p style=\"text-align: left;\">Auch wenn Sie nicht pers\u00f6nlich teilnehmen k\u00f6nnen, bitten wir um die Nutzung der <a href=\"https:\/\/www.vnu-ev.de\/veranstaltungen\/anmeldung-zur-virtuellen-mitgliederversammlung-2025\" target=\"_blank\" rel=\"noopener\"><strong>Online-Anmeldung<\/strong><\/a><br \/>\nfalls eine Aktualisierung Ihrer Kontaktdaten erforderlich ist \u2013 herzlichen Dank.<\/p>\n<h3 style=\"text-align: left;\">Kontakt f\u00fcr Fragen<\/h3>\n<p style=\"text-align: left;\">F\u00fcr alle Fragen oder bei Informationsbedarf steht Ihnen Christina Geiger in der VNU-Gesch\u00e4ftsstelle gerne zur Verf\u00fcgung. Sie erreichen sie unter der E-Mail-Adresse: <a href=\"mailto:c.geiger@vnu-ev.de\">c.geiger@vnu-ev.de<\/a><\/p>\n<p><strong>Wir freuen uns auf Ihre Teilnahme und sch\u00e4tzen Ihre Mitwirkung!<\/strong><\/p>\n","protected":false},"excerpt":{"rendered":"<p>Liebe VNU-Mitglieder, wir laden Sie herzlich zur virtuellen VNU-Mitgliederversammlung ein, die am 7. April 2025&#8230; <a class=\"read-more\" href=\"https:\/\/www.vnu-ev.de\/en\/events\/vnu-mitgliederversammlung-2025\">More<\/a><\/p>\n","protected":false},"author":9,"featured_media":0,"comment_status":"closed","ping_status":"closed","sticky":false,"template":"","format":"standard","meta":{"_acf_changed":false,"footnotes":""},"categories":[238,9,1],"tags":[],"class_list":["post-6138","post","type-post","status-publish","format-standard","hentry","category-mitgliederversammlung","category-top-event","category-events"],"acf":[],"_links":{"self":[{"href":"https:\/\/www.vnu-ev.de\/en\/wp-json\/wp\/v2\/posts\/6138","targetHints":{"allow":["GET"]}}],"collection":[{"href":"https:\/\/www.vnu-ev.de\/en\/wp-json\/wp\/v2\/posts"}],"about":[{"href":"https:\/\/www.vnu-ev.de\/en\/wp-json\/wp\/v2\/types\/post"}],"author":[{"embeddable":true,"href":"https:\/\/www.vnu-ev.de\/en\/wp-json\/wp\/v2\/users\/9"}],"replies":[{"embeddable":true,"href":"https:\/\/www.vnu-ev.de\/en\/wp-json\/wp\/v2\/comments?post=6138"}],"version-history":[{"count":2,"href":"https:\/\/www.vnu-ev.de\/en\/wp-json\/wp\/v2\/posts\/6138\/revisions"}],"predecessor-version":[{"id":6140,"href":"https:\/\/www.vnu-ev.de\/en\/wp-json\/wp\/v2\/posts\/6138\/revisions\/6140"}],"wp:attachment":[{"href":"https:\/\/www.vnu-ev.de\/en\/wp-json\/wp\/v2\/media?parent=6138"}],"wp:term":[{"taxonomy":"category","embeddable":true,"href":"https:\/\/www.vnu-ev.de\/en\/wp-json\/wp\/v2\/categories?post=6138"},{"taxonomy":"post_tag","embeddable":true,"href":"https:\/\/www.vnu-ev.de\/en\/wp-json\/wp\/v2\/tags?post=6138"}],"curies":[{"name":"wp","href":"https:\/\/api.w.org\/{rel}","templated":true}]}}