{"id":6150,"date":"2025-04-26T10:03:14","date_gmt":"2025-04-26T08:03:14","guid":{"rendered":"https:\/\/www.vnu-ev.de\/en\/?p=6150"},"modified":"2025-11-24T10:41:58","modified_gmt":"2025-11-24T09:41:58","slug":"umweltmanagement-preis-2025","status":"publish","type":"post","link":"https:\/\/www.vnu-ev.de\/en\/events\/umweltmanagement-preis-2025","title":{"rendered":"Umweltmanagement-Preis 2025"},"content":{"rendered":"<p><img loading=\"lazy\" decoding=\"async\" class=\"wp-image-9902 size-medium alignleft\" src=\"https:\/\/www.vnu-ev.de\/wp-content\/uploads\/2025\/11\/251113_Preise-300x300.jpg\" alt=\"\" width=\"300\" height=\"300\" srcset=\"https:\/\/www.vnu-ev.de\/en\/wp-content\/uploads\/2025\/11\/251113_Preise-300x300.jpg 300w, https:\/\/www.vnu-ev.de\/en\/wp-content\/uploads\/2025\/11\/251113_Preise-150x150.jpg 150w, https:\/\/www.vnu-ev.de\/en\/wp-content\/uploads\/2025\/11\/251113_Preise-400x400.jpg 400w, https:\/\/www.vnu-ev.de\/en\/wp-content\/uploads\/2025\/11\/251113_Preise.jpg 472w\" sizes=\"auto, (max-width: 300px) 100vw, 300px\" \/> <img loading=\"lazy\" decoding=\"async\" class=\"wp-image-9900 size-medium alignleft\" src=\"https:\/\/www.vnu-ev.de\/wp-content\/uploads\/2025\/11\/251113_Begruessung-300x300.jpg\" alt=\"\" width=\"300\" height=\"300\" srcset=\"https:\/\/www.vnu-ev.de\/en\/wp-content\/uploads\/2025\/11\/251113_Begruessung-300x300.jpg 300w, https:\/\/www.vnu-ev.de\/en\/wp-content\/uploads\/2025\/11\/251113_Begruessung-150x150.jpg 150w, https:\/\/www.vnu-ev.de\/en\/wp-content\/uploads\/2025\/11\/251113_Begruessung-400x400.jpg 400w, https:\/\/www.vnu-ev.de\/en\/wp-content\/uploads\/2025\/11\/251113_Begruessung.jpg 443w\" sizes=\"auto, (max-width: 300px) 100vw, 300px\" \/> <img loading=\"lazy\" decoding=\"async\" class=\"alignnone wp-image-9901 size-medium\" src=\"https:\/\/www.vnu-ev.de\/wp-content\/uploads\/2025\/11\/251113_Podium-300x300.jpg\" alt=\"\" width=\"300\" height=\"300\" srcset=\"https:\/\/www.vnu-ev.de\/en\/wp-content\/uploads\/2025\/11\/251113_Podium-300x300.jpg 300w, https:\/\/www.vnu-ev.de\/en\/wp-content\/uploads\/2025\/11\/251113_Podium-150x150.jpg 150w, https:\/\/www.vnu-ev.de\/en\/wp-content\/uploads\/2025\/11\/251113_Podium-400x400.jpg 400w, https:\/\/www.vnu-ev.de\/en\/wp-content\/uploads\/2025\/11\/251113_Podium.jpg 473w\" sizes=\"auto, (max-width: 300px) 100vw, 300px\" \/><br \/>\n<span style=\"color: #999999;\"><em>Fotos: B. Heimer<\/em><\/span><\/p>\n<h2>Konferenz und Verleihung der Umweltmanagement-Preise 2025<\/h2>\n<p>EMAS hat Geburtstag, feierte sein 30-j\u00e4hriges Bestehen und war bei der Verleihung des Umweltmanagementpreises 2025 am 13. November 2025 in Berlin ein besonderes Highlight. In bew\u00e4hrter Kooperation und unter deutscher Schirmherrschaft riefen die Bundesumweltministerien von Deutschland (BMUKN) und \u00d6sterreich (BMLUK) alle EMAS-registrierten Organisationen zur Bewerbung auf, die in zwei Kategorien m\u00f6glich war.<\/p>\n<p>Nach verschiedenen Redebetr\u00e4gen des BMUKN (Deutschland) und des BMLUK (\u00d6sterreich) folgte eine Keynote zum Thema \"EMAS als Politikinstrument\" und ein Podium, bei dem das Berufsbild der Umweltgutachter vorgestellt wurde. In Standup-Sessions tauschten sich die Anwesenden zu verschiedenen Blickwinkeln rund um EMAS aus und nach der Pause leitete eine Vorstellung der Jury-T\u00e4tigkeit in den H\u00f6hepunkt - die Verleihung der Preise - weiter.<\/p>\n<h2>Die Gewinner<\/h2>\n<p>Organisationen konnten bis zum 12. Juni 2025 ihre Unterlagen einreichen. Insgesamt sind knapp 40 Bewerbungen eingegangen und wir freuen uns \u00fcber eine rege Beteiligung. Die 12 Finalisten sind:<\/p>\n<h3><strong>Beste Ma\u00dfnahme zur Verbesserung der Umweltleistung<\/strong><\/h3>\n<h3>Pioniere (1995-2007):<\/h3>\n<p><img loading=\"lazy\" decoding=\"async\" class=\"alignnone wp-image-9914 size-medium\" src=\"https:\/\/www.vnu-ev.de\/wp-content\/uploads\/2025\/11\/DEUP_251113_Werner_Mertz-300x300.jpg\" alt=\"\" width=\"300\" height=\"300\" srcset=\"https:\/\/www.vnu-ev.de\/en\/wp-content\/uploads\/2025\/11\/DEUP_251113_Werner_Mertz-300x300.jpg 300w, https:\/\/www.vnu-ev.de\/en\/wp-content\/uploads\/2025\/11\/DEUP_251113_Werner_Mertz-150x150.jpg 150w, https:\/\/www.vnu-ev.de\/en\/wp-content\/uploads\/2025\/11\/DEUP_251113_Werner_Mertz-500x500.jpg 500w, https:\/\/www.vnu-ev.de\/en\/wp-content\/uploads\/2025\/11\/DEUP_251113_Werner_Mertz-400x400.jpg 400w, https:\/\/www.vnu-ev.de\/en\/wp-content\/uploads\/2025\/11\/DEUP_251113_Werner_Mertz.jpg 530w\" sizes=\"auto, (max-width: 300px) 100vw, 300px\" \/><br \/>\n<span style=\"color: #999999;\"><em>Foto: B. Heimer<\/em><\/span><\/p>\n<p>Seit \u00fcber 150 Jahren ist die <a class=\"external-link\" title=\"emas-register.de\" href=\"https:\/\/werner-mertz.de\/nachhaltigkeitsmanagement\/\" target=\"_blank\" rel=\"noopener noreferrer\">Werner &amp; Mertz GmbH<\/a>\u00a0mit ihren Vertrauensmarken Frosch, emsal und Green Care Professional als innovatives Unternehmen auf dem europ\u00e4ischen Markt bestens etabliert. Der Mittelst\u00e4ndler arbeitet nach den Prinzipien eines umweltschonenden Wirtschaftens und hat zum Ziel, eine nachhaltige Lebensweise mehrheitsf\u00e4hig zu machen. Das Unternehmen hat EMAS-validierte Produktionsstandorte am Hauptsitz in Mainz und im \u00f6sterreichischen Hallein und ist au\u00dferdem als eines der ersten Industrieunternehmen nach We Impact zertifiziert.<\/p>\n<p>Den Umweltmanagement-Preis erh\u00e4lt Werner &amp; Mertz f\u00fcr seine 2012 ins Leben gerufene Recyclat-Initiative, mit der sich der Nachhaltigkeits-Pionier zusammen mit Kooperationspartnern entlang der gesamten Wertsch\u00f6pfungskette f\u00fcr eine funktionierende Kreislaufwirtschaft von Altplastik aus der europ\u00e4ischen haushaltsnahen Sammlung mittels mechanischen Recyclings einsetzt.\u00a0Die Jury \u00fcberzeugte an der ausgezeichneten Recyclat-Initiative insbesondere der Innovationsgehalt sowie die damit verbundenen Ziele und erreichten Ergebnisse.<\/p>\n<hr \/>\n<p><img loading=\"lazy\" decoding=\"async\" class=\"alignnone wp-image-9908 size-medium\" src=\"https:\/\/www.vnu-ev.de\/wp-content\/uploads\/2025\/11\/ATUP_251113_Laufen-300x300.jpg\" alt=\"\" width=\"300\" height=\"300\" srcset=\"https:\/\/www.vnu-ev.de\/en\/wp-content\/uploads\/2025\/11\/ATUP_251113_Laufen-300x300.jpg 300w, https:\/\/www.vnu-ev.de\/en\/wp-content\/uploads\/2025\/11\/ATUP_251113_Laufen-150x150.jpg 150w, https:\/\/www.vnu-ev.de\/en\/wp-content\/uploads\/2025\/11\/ATUP_251113_Laufen-500x500.jpg 500w, https:\/\/www.vnu-ev.de\/en\/wp-content\/uploads\/2025\/11\/ATUP_251113_Laufen-400x400.jpg 400w, https:\/\/www.vnu-ev.de\/en\/wp-content\/uploads\/2025\/11\/ATUP_251113_Laufen.jpg 756w\" sizes=\"auto, (max-width: 300px) 100vw, 300px\" \/><br \/>\n<em><span style=\"color: #999999;\">Foto: Bewerbungsunterlagen des Unternehmens<\/span><\/em><\/p>\n<p>Die <a href=\"https:\/\/www.laufen.co.at\/nachhaltigkeit\">LAUFEN Austria GmbH<\/a> ist der Spezialist f\u00fcr das komplette Bad und das einzige Unternehmen, das in \u00d6sterreich Sanit\u00e4rkeramik herstellt. Am Standort Gmunden werden Waschtische, WCs und keramische Accessoires hergestellt.<\/p>\n<p>Als Teil der ROCA Gruppe engagiert sich Laufen Austria seit vielen Jahren im Bereich Umweltschutz und Nachhaltigkeit. Bereits seit 1997 ist die Laufen Austria GmbH ISO 14001 zertifiziert und nimmt seit 1998 an EMAS teil.<\/p>\n<p>Den Umweltmanagement-Preis erh\u00e4lt LAUFEN f\u00fcr ihren Ofen am Standort Gmunden - der weltweit erste elektrische Tunnelofen f\u00fcr Sanit\u00e4rkeramik. Dank des Strommixes aus 100\u202f% erneuerbaren Energien \u2013 bzw. bei Eigenerzeugung durch die firmeneigene PV-Anlage \u2013 kann Sanit\u00e4rkeramik mit dem neuen Elektrotunnelofen vollst\u00e4ndig CO\u2082-frei gebrannt werden. Da die gesamte Produktionsmenge \u00fcber diesen Elektroofen abgedeckt werden kann, war es m\u00f6glich, s\u00e4mtliche gasbetriebenen \u00d6fen am Standort au\u00dfer Betrieb zu nehmen.<\/p>\n<p>Die Jury w\u00fcrdigte insbesondere, dass mit dem neu installierten elektrischen Tunnelofen LAUFEN einen weltweit neuen Standard gesetzt hat. Der Ausstieg aus Gas und der Betrieb des neuen Elektrotunnelofens mit dem in der eigenen PV-Anlage erzeugten Strom sind richtungweisend f\u00fcr die Transformation der energieintensiven Branche Steine und Keramik.<\/p>\n<hr \/>\n<h3>Erfahrene (2008-2021):<\/h3>\n<p><img loading=\"lazy\" decoding=\"async\" class=\"wp-image-9912 size-medium alignnone\" src=\"https:\/\/www.vnu-ev.de\/wp-content\/uploads\/2025\/11\/DEUE_251113_HLRZ_Stuttgart-300x300.jpg\" alt=\"\" width=\"300\" height=\"300\" srcset=\"https:\/\/www.vnu-ev.de\/en\/wp-content\/uploads\/2025\/11\/DEUE_251113_HLRZ_Stuttgart-300x300.jpg 300w, https:\/\/www.vnu-ev.de\/en\/wp-content\/uploads\/2025\/11\/DEUE_251113_HLRZ_Stuttgart-150x150.jpg 150w, https:\/\/www.vnu-ev.de\/en\/wp-content\/uploads\/2025\/11\/DEUE_251113_HLRZ_Stuttgart-400x400.jpg 400w, https:\/\/www.vnu-ev.de\/en\/wp-content\/uploads\/2025\/11\/DEUE_251113_HLRZ_Stuttgart.jpg 472w\" sizes=\"auto, (max-width: 300px) 100vw, 300px\" \/><br \/>\n<span style=\"color: #999999;\"><em>Foto: B. Heimer<\/em><\/span><\/p>\n<p>Das <a href=\"https:\/\/www.hlrs.de\/de\/ueber-uns\/soziale-verantwortung\/nachhaltigkeit-umwelt\">H\u00f6chstleistungsrechenzentrum der Universit\u00e4t Stuttgart (HLRS)<\/a> verf\u00fcgt \u00fcber einen der schnellsten Rechner Deutschlands sowie \u00fcber weitere mittelgro\u00dfe Hochleistungssysteme. Durch die wachsende Bedeutung des H\u00f6chstleistungsrechnens und der gleichzeitig immer weiter zunehmenden Gr\u00f6\u00dfe der daf\u00fcr verwendeten Computer und damit auch des Energiebedarfs, entstehen in allen Bereichen neue Herausforderungen, nicht zuletzt auch auf dem Gebiet der Nachhaltigkeit. Durch die j\u00fcngsten Entwicklungen auf dem Gebiet der k\u00fcnstlichen Intelligenz wird diese Entwicklung weiter verst\u00e4rkt. Dem stellt sich das HLRS durch die Einf\u00fchrung und Aufrechterhaltung eines Umwelt- und Energie-Managementsystems.<\/p>\n<p>Das HLRS erh\u00e4lt den Umweltmanagement-Preis f\u00fcr ein System zur dynamischen Strombegrenzung von Rechnern, das zu einer Verminderung des Energiebedarfs um bis zu 20 % f\u00fchrt, ohne die Rechenleistung zu reduzieren.<\/p>\n<p>Die Jury \u00fcberzeugte die Ma\u00dfnahme insbesondere hinsichtlich ihres Innovationsgehalts, sowie der Messbarkeit und Skalierbarkeit auf andere Rechenzentren. Ebenso lobte sie die Integration der Ziele f\u00fcr nachhaltige Entwicklung der Vereinten Nationen in die Organisation und die breite Zielgruppenansprache.<\/p>\n<hr \/>\n<p><img loading=\"lazy\" decoding=\"async\" class=\"alignnone wp-image-9906 size-medium\" src=\"https:\/\/www.vnu-ev.de\/wp-content\/uploads\/2025\/11\/ATUE_251113_Hollu-300x300.jpg\" alt=\"\" width=\"300\" height=\"300\" srcset=\"https:\/\/www.vnu-ev.de\/en\/wp-content\/uploads\/2025\/11\/ATUE_251113_Hollu-300x300.jpg 300w, https:\/\/www.vnu-ev.de\/en\/wp-content\/uploads\/2025\/11\/ATUE_251113_Hollu-150x150.jpg 150w, https:\/\/www.vnu-ev.de\/en\/wp-content\/uploads\/2025\/11\/ATUE_251113_Hollu-500x500.jpg 500w, https:\/\/www.vnu-ev.de\/en\/wp-content\/uploads\/2025\/11\/ATUE_251113_Hollu-400x400.jpg 400w, https:\/\/www.vnu-ev.de\/en\/wp-content\/uploads\/2025\/11\/ATUE_251113_Hollu.jpg 630w\" sizes=\"auto, (max-width: 300px) 100vw, 300px\" \/><br \/>\n<em><span style=\"color: #999999;\">Foto: B. Heimer<\/span><\/em><\/p>\n<p>Was vor 120 Jahren als kleine Seifensiederei begann, ist heute \u00d6sterreichs f\u00fchrender Hygienespezialist. Mit rund 485 Mitarbeitenden, 20.000 Kund*innen und 9 Standorten in \u00d6sterreich, Italien und der Schweiz steht die <a href=\"https:\/\/www.hollu.com\/verantwortung\/\">hollu Systemhygiene GmbH<\/a> f\u00fcr ganzheitliche Hygienel\u00f6sungen.<\/p>\n<p>Auch das neue Produktionsgeb\u00e4ude \u2013 im Mai 2025 er\u00f6ffnet \u2013 wurde nach hohen Nachhaltigkeitsma\u00dfst\u00e4ben gebaut. Besondere Highlights: Durch den Einbau von W\u00e4rmepumpen, intelligent gesteuerten Prozessw\u00e4rme-, Heiz- und Puffersystemen, sowie die Erweiterung der Photovoltaikanlage auf eine Leistung von 781 kWh wird die Produktion vollst\u00e4ndig klimafreundlich betrieben. Moderne Umkleiden, helle B\u00fcror\u00e4ume und Aufenthaltsbereiche mit Terrasse, gro\u00dfz\u00fcgige Fensterfronten und Einsatz von Holz zur Verbesserung des Raumklimas sind Highlights f\u00fcr die Mitarbeitenden.<\/p>\n<p>Die Jury \u00fcberzeugte vor allem die konsequente und ganzheitliche Umsetzung des \u00f6kologischen Konzeptes: Der Neubau der Produktionshalle folgte diesen Prinzipien und hat nicht nur zu einer Verbesserung der Umweltleistung gef\u00fchrt, sondern auch positive Auswirkungen f\u00fcr die Mitarbeitenden. Weiterhin hob die Jury den Umstieg von \u00d6l auf W\u00e4rmepumpen als Beitrag zum Ausstieg aus fossilen Energietr\u00e4gern hervor.<\/p>\n<hr \/>\n<h3>Neuzug\u00e4nge (2022-2025):<\/h3>\n<p><a class=\"external-link\" href=\"https:\/\/www.emas-register.de\/recherche?a=suche&amp;firma=lwl%20hemer&amp;p=1\" target=\"_blank\" rel=\"noopener noreferrer\"><img loading=\"lazy\" decoding=\"async\" class=\"wp-image-9913 size-medium alignnone\" src=\"https:\/\/www.vnu-ev.de\/wp-content\/uploads\/2025\/11\/DEUN_251113_LWL_Hemer-300x300.jpg\" alt=\"\" width=\"300\" height=\"300\" srcset=\"https:\/\/www.vnu-ev.de\/en\/wp-content\/uploads\/2025\/11\/DEUN_251113_LWL_Hemer-300x300.jpg 300w, https:\/\/www.vnu-ev.de\/en\/wp-content\/uploads\/2025\/11\/DEUN_251113_LWL_Hemer-150x150.jpg 150w, https:\/\/www.vnu-ev.de\/en\/wp-content\/uploads\/2025\/11\/DEUN_251113_LWL_Hemer-500x500.jpg 500w, https:\/\/www.vnu-ev.de\/en\/wp-content\/uploads\/2025\/11\/DEUN_251113_LWL_Hemer-400x400.jpg 400w, https:\/\/www.vnu-ev.de\/en\/wp-content\/uploads\/2025\/11\/DEUN_251113_LWL_Hemer.jpg 630w\" sizes=\"auto, (max-width: 300px) 100vw, 300px\" \/><\/a><br \/>\n<em><span style=\"color: #999999;\">Foto: B.Heimer<\/span><\/em><\/p>\n<p>Die <a href=\"https:\/\/www.lwl-klinik-hemer.de\/de\/die-klinik\/qualitaetsmanagement\/\">LWL-Klinik Hemer, Hans-Prinzhorn-Klinik<\/a> ist eine Fachklinik f\u00fcr Psychiatrie, Psychotherapie und psychosomatische Medizin. Tr\u00e4ger der Klinik ist der Landschaftsverband Westfalen-Lippe (LWL). Angeboten wird das volle Spektrum psychiatrischer Diagnostik und Therapien f\u00fcr Erwachsene.<\/p>\n<p>Die Klinik legt gro\u00dfen Wert auf Klima- und Umweltschutz. Ein Umweltmanagement-Team pr\u00fcft, plant und koordiniert Ma\u00dfnahmen, um Ressourcen schonend einzusetzen, Abfall und Emissionen zu reduzieren und die Mitarbeitenden f\u00fcr Umweltschutzthemen zu sensibilisieren.<\/p>\n<p>Die ausgezeichnete Ma\u00dfnahme zur Reduzierung von Lebensmittelabf\u00e4llen ist Teil einer umfassenden Abfallvermeidungsstrategie. Durch transparente Beh\u00e4lter f\u00fcr den Transport der Speisereste innerhalb der Klinik wird f\u00fcr Mitarbeitende sowie Patient*innen unmittelbar sichtbar, wie viel Essen ungenutzt wieder zur\u00fcckgeschickt wird. Zus\u00e4tzlich wurde mit einer Info-Kampagne \u00fcber die Ma\u00dfnahme aufgekl\u00e4rt. Dies f\u00fchrte zu einem ver\u00e4nderten Bestellverhalten. Die Speiseabf\u00e4lle konnten so um etwa 45% reduziert werden.<\/p>\n<p>Besonders hervorgehoben wurde von der Jury die langfristige Wirkung der erzielten Verhaltens\u00e4nderung, die \u00dcbertragbarkeit auf andere Kliniken sowie die Integration der Ma\u00dfnahme in die Strategie zur Abfallreduzierung. Dar\u00fcber hinaus lobte die Jury die kreative Verkn\u00fcpfung mit den Kommunikationsma\u00dfnahmen der Organisation.<\/p>\n<hr \/>\n<p><img loading=\"lazy\" decoding=\"async\" class=\"wp-image-9907 size-medium alignnone\" src=\"https:\/\/www.vnu-ev.de\/wp-content\/uploads\/2025\/11\/ATUN_251113_Vinzenz-300x300.jpg\" alt=\"\" width=\"300\" height=\"300\" srcset=\"https:\/\/www.vnu-ev.de\/en\/wp-content\/uploads\/2025\/11\/ATUN_251113_Vinzenz-300x300.jpg 300w, https:\/\/www.vnu-ev.de\/en\/wp-content\/uploads\/2025\/11\/ATUN_251113_Vinzenz-150x150.jpg 150w, https:\/\/www.vnu-ev.de\/en\/wp-content\/uploads\/2025\/11\/ATUN_251113_Vinzenz-500x500.jpg 500w, https:\/\/www.vnu-ev.de\/en\/wp-content\/uploads\/2025\/11\/ATUN_251113_Vinzenz-400x400.jpg 400w, https:\/\/www.vnu-ev.de\/en\/wp-content\/uploads\/2025\/11\/ATUN_251113_Vinzenz.jpg 630w\" sizes=\"auto, (max-width: 300px) 100vw, 300px\" \/><br \/>\n<em><span style=\"color: #999999;\">Foto: B. Heimer<\/span><\/em><\/p>\n<p>Als Fachklinik f\u00fcr Gastroenterologie, Urologie, Onkologie und Psychosomatik leistet das <a href=\"https:\/\/www.bhswien.at\/\">Barmherzige Schwestern Krankenhaus Wien \/ Vinzenz Gruppe<\/a> seit 1832 einen bedeutenden Beitrag zur Wiener Gesundheitsversorgung und ist mit \u00fcber 800 Arbeitspl\u00e4tzen der gr\u00f6\u00dfte Arbeitgeber in Wien\/Mariahilf.<\/p>\n<p>Das Barmherzige Schwestern Krankenhaus Wien ist Teil des EMAS-Umweltmanagementsystems der Vinzenz Gruppe und bekennt sich zu einer nachhaltigen und lebenswerten Zukunft. Eine intakte Umwelt und Gesundheit gehen Hand in Hand. Ein eigens ins Leben gerufene Umweltteam diskutiert regelm\u00e4\u00dfig zu umweltrelevanten Themenschwerpunkten und setzt die dabei identifizierten Ma\u00dfnahmen um.<\/p>\n<p>Die ausgezeichnete Umbauma\u00dfnahme besteht aus unterschiedlichen Bestandteilen: Investitionen in energieeffiziente Technik, erh\u00f6hte Geb\u00e4uded\u00e4mmung, Einsatz von Photovoltaik, eine Luft-Wasser W\u00e4rmepumpe, eine L\u00fcftungsanlage mit hoch effiziente W\u00e4rmer\u00fcckgewinnung und nachhaltige Baustoffe sowie die Gestaltung einer 260 m\u00b2 gro\u00dfen modularen Fassadenbegr\u00fcnung mit rund 13.000 Pflanzen. Neben dem Umweltmanagement-Preis wurde der Umbau mit dem klimaaktiv Geb\u00e4udestandard in \u201eGold\u201c ausgezeichnet.<\/p>\n<p>Die Jury \u00fcberzeugte insbesondere die Kombination verschiedener Ma\u00dfnahmen und die vorbildliche Kommunikation \u00fcber Umwelterkl\u00e4rung. Dar\u00fcber hinaus lobte sie die Verkn\u00fcpfung von Umwelt- und Gesundheitsschutz.<\/p>\n<hr \/>\n<h3><strong>Beste Ma\u00dfnahme zur Kommunikation und Beteiligung\u00a0<\/strong><\/h3>\n<h3>Pioniere (1995-2007):<\/h3>\n<p><a class=\"external-link\" href=\"https:\/\/www.emas-register.de\/recherche?a=suche&amp;firma=schw%C3%B6rer%20haus&amp;p=1\" target=\"_blank\" rel=\"noopener noreferrer\"><img loading=\"lazy\" decoding=\"async\" class=\"wp-image-9911 size-medium alignnone\" src=\"https:\/\/www.vnu-ev.de\/wp-content\/uploads\/2025\/11\/DEKP_251113_Schwoerer-300x300.jpg\" alt=\"\" width=\"300\" height=\"300\" srcset=\"https:\/\/www.vnu-ev.de\/en\/wp-content\/uploads\/2025\/11\/DEKP_251113_Schwoerer-300x300.jpg 300w, https:\/\/www.vnu-ev.de\/en\/wp-content\/uploads\/2025\/11\/DEKP_251113_Schwoerer-150x150.jpg 150w, https:\/\/www.vnu-ev.de\/en\/wp-content\/uploads\/2025\/11\/DEKP_251113_Schwoerer-400x400.jpg 400w, https:\/\/www.vnu-ev.de\/en\/wp-content\/uploads\/2025\/11\/DEKP_251113_Schwoerer.jpg 459w\" sizes=\"auto, (max-width: 300px) 100vw, 300px\" \/><\/a><br \/>\n<span style=\"color: #999999;\"><em>Foto: B. Heimer<\/em><\/span><\/p>\n<p>Die familiengef\u00fchrte <a href=\"https:\/\/www.schwoererhaus.de\/nachhaltigkeit\/\">Schw\u00f6rerHaus KG<\/a> besch\u00e4ftigt rund 1.730 Mitarbeitende an sieben Standorten in Deutschland und hat seit Unternehmensgr\u00fcndung \u00fcber 47.000 Geb\u00e4ude realisiert. Das Leistungsspektrum umfasst energiesparende Holz-Fertigh\u00e4user, Modulbauten sowie mehrgeschossige Wohnbauten in Hybridbauweise aus Holz, Beton und Stahl. Die Produktpalette reicht von Ein- und Mehrfamilienh\u00e4usern \u00fcber Fertigteil-Keller bis zu Betonfertigteilen.<\/p>\n<p>Schw\u00f6rerHaus ist seit 2011 Mitglied im Verband der Klimaschutzunternehmen. F\u00fcr sein Engagement im Bereich Nachhaltigkeit wurde das Unternehmen mehrfach ausgezeichnet, darunter 2020 mit dem Umweltpreis des Landes Baden-W\u00fcrttemberg.<\/p>\n<p>Den Umweltmanagement-Preis erh\u00e4lt Schw\u00f6rerHaus f\u00fcr die SDG-Tandem-Partnerschaft mit der W\u00fcrttembergischen Philharmonie Reutlingen eine Klimapartnerschaft zwischen Kultur und Wirtschaft.<\/p>\n<p>Die Jury w\u00fcrdigte insbesondere die breite Einbindung von Stakeholdern und der Innovationsgehalt der Vernetzungsma\u00dfnahme.<\/p>\n<hr \/>\n<p><img loading=\"lazy\" decoding=\"async\" class=\"alignnone wp-image-9905 size-medium\" src=\"https:\/\/www.vnu-ev.de\/wp-content\/uploads\/2025\/11\/ATKP_251113_Adler-300x300.jpg\" alt=\"\" width=\"300\" height=\"300\" srcset=\"https:\/\/www.vnu-ev.de\/en\/wp-content\/uploads\/2025\/11\/ATKP_251113_Adler-300x300.jpg 300w, https:\/\/www.vnu-ev.de\/en\/wp-content\/uploads\/2025\/11\/ATKP_251113_Adler-150x150.jpg 150w, https:\/\/www.vnu-ev.de\/en\/wp-content\/uploads\/2025\/11\/ATKP_251113_Adler-500x500.jpg 500w, https:\/\/www.vnu-ev.de\/en\/wp-content\/uploads\/2025\/11\/ATKP_251113_Adler-400x400.jpg 400w, https:\/\/www.vnu-ev.de\/en\/wp-content\/uploads\/2025\/11\/ATKP_251113_Adler.jpg 630w\" sizes=\"auto, (max-width: 300px) 100vw, 300px\" \/><br \/>\n<span style=\"color: #999999;\"><em>Foto: Bewerbungsunterlagen des Unternehmens<\/em><\/span><\/p>\n<p>Die ADLER-Werk Lackfabrik produziert und vertreibt wasserbasierte Farben, Lacke und Holzschutzmittel f\u00fcr Industrie, Gewerbe und den Farbenhandel. Der Sitz und einzige Produktionsstandort des Familienunternehmens befindet sich in Schwaz\/Tirol (\u00d6sterreich), \u00fcber Vertriebsgesellschaften und Handelspartner werden Kund*innen in ganz Europa und dar\u00fcber hinaus beliefert.<\/p>\n<p>Nachhaltigkeit ist ein zentraler Fokus der Unternehmensstrategie und umfasst u.a. die Entwicklung emissionsarmer und biobasierter Lacksysteme, die Ausrichtung an den Prinzipien der Kreislaufwirtschaft und einen konsequenten CO2-Reduktionsplan. Damit verbunden besitzt auch die Nachhaltigkeitskommunikation hohen Stellenwert, um Stakeholdern transparenten Zugang zu relevanten Informationen zu geben und das Bewusstsein f\u00fcr Nachhaltigkeit in der Unternehmenskultur, bei Mitarbeitenden und Kund*innen zu verankern.<\/p>\n<p>Das ausgezeichnete Ma\u00dfnahmenpaket besteht aus verschiedenen Komponenten: die EMAS-Umwelterkl\u00e4rung, eine Nachhaltigkeits-Schulung f\u00fcr Mitarbeitende, interne Veranstaltungen und Aush\u00e4nge zur Bewusstseinsbildung der Mitarbeitenden, zwei unterschiedliche Unternehmensmagazine, Pressearbeit sowie der Ausbau des Internetauftritts auf der Webseite und den Sozialen Medien.<\/p>\n<p>Besonders hervorgehoben wurde von der Jury die visuell ansprechende Aufbereitung des Nachhaltigkeitsberichts und die Verkn\u00fcpfung mit den Zielen f\u00fcr nachhaltige Entwicklung der Vereinten Nationen und des eigenen G\u00fctesiegels. Dar\u00fcber hinaus lobte die Jury die Bildungsf\u00f6rderung durch Lehrlingsausbildungen und Mitarbeiterschulungen.<\/p>\n<hr \/>\n<h3>Erfahrene (2008-2021):<\/h3>\n<p><img loading=\"lazy\" decoding=\"async\" class=\"alignnone wp-image-9909 size-medium\" src=\"https:\/\/www.vnu-ev.de\/wp-content\/uploads\/2025\/11\/DEKE_251113_HS_Esslingen-300x300.jpg\" alt=\"\" width=\"300\" height=\"300\" srcset=\"https:\/\/www.vnu-ev.de\/en\/wp-content\/uploads\/2025\/11\/DEKE_251113_HS_Esslingen-300x300.jpg 300w, https:\/\/www.vnu-ev.de\/en\/wp-content\/uploads\/2025\/11\/DEKE_251113_HS_Esslingen-150x150.jpg 150w, https:\/\/www.vnu-ev.de\/en\/wp-content\/uploads\/2025\/11\/DEKE_251113_HS_Esslingen-500x500.jpg 500w, https:\/\/www.vnu-ev.de\/en\/wp-content\/uploads\/2025\/11\/DEKE_251113_HS_Esslingen-400x400.jpg 400w, https:\/\/www.vnu-ev.de\/en\/wp-content\/uploads\/2025\/11\/DEKE_251113_HS_Esslingen.jpg 630w\" sizes=\"auto, (max-width: 300px) 100vw, 300px\" \/><br \/>\n<em><span style=\"color: #999999;\">Foto: B. Heimer<\/span><\/em><\/p>\n<p>Die <a href=\"https:\/\/www.hs-esslingen.de\/hochschule\/profil\/umweltschutz\/umweltmanagement\">Hochschule Esslingen<\/a> bietet eine akademische Ausbildung in Technik, Wirtschaft und Sozialem mit ausgepr\u00e4gtem Praxisbezug. Auch die angewandte Forschung bildet einen Schwerpunkt.<\/p>\n<p>Mit EMAS verfolgt die Hochschule seit 2012 eine systematische und transparente Nachhaltigkeitsstrategie. Das daraus hervorgegangene Nachhaltigkeitszentrum b\u00fcndelt die Aktivit\u00e4ten im Umwelt-, Mobilit\u00e4ts-, Energie- und Klimaschutzmanagement und verkn\u00fcpft diese eng mit Lehre und Forschung.<\/p>\n<p>Im Fokus der ausgezeichneten Kommunikations- und Beteiligungsma\u00dfnahme steht die Steigerung der Aufenthaltsqualit\u00e4t auf dem Campus. Ein Gestaltungswettbewerb, die Sammlung konkreter Vorschl\u00e4ge und die tempor\u00e4re Umsetzung eines erlebbaren, begr\u00fcnten Innenhofs bilden einen kreativen Rahmen, der zum Mitgestalten einl\u00e4dt. Die konsequente Einbindung aller wichtigen Stakeholder in die Planung hat Vorbildcharakter f\u00fcr nachhaltige Hochschulkommunikation.<\/p>\n<p>Besonders \u00fcberzeugend fand die Jury die Verkn\u00fcpfung von Ausbildungsinhalten der Studierenden mit \u00fcber die Hochschule hinausgehenden st\u00e4dtischen Belangen (Verwaltung, B\u00fcrger*innen).<\/p>\n<hr \/>\n<p><img loading=\"lazy\" decoding=\"async\" class=\"wp-image-9903 size-medium alignnone\" src=\"https:\/\/www.vnu-ev.de\/wp-content\/uploads\/2025\/11\/ATKE_251113_Barmh_Brueder-300x300.jpg\" alt=\"\" width=\"300\" height=\"300\" srcset=\"https:\/\/www.vnu-ev.de\/en\/wp-content\/uploads\/2025\/11\/ATKE_251113_Barmh_Brueder-300x300.jpg 300w, https:\/\/www.vnu-ev.de\/en\/wp-content\/uploads\/2025\/11\/ATKE_251113_Barmh_Brueder-150x150.jpg 150w, https:\/\/www.vnu-ev.de\/en\/wp-content\/uploads\/2025\/11\/ATKE_251113_Barmh_Brueder-500x500.jpg 500w, https:\/\/www.vnu-ev.de\/en\/wp-content\/uploads\/2025\/11\/ATKE_251113_Barmh_Brueder-400x400.jpg 400w, https:\/\/www.vnu-ev.de\/en\/wp-content\/uploads\/2025\/11\/ATKE_251113_Barmh_Brueder.jpg 630w\" sizes=\"auto, (max-width: 300px) 100vw, 300px\" \/><br \/>\n<em><span style=\"color: #999999;\">Foto: B. Heimer<\/span><\/em><\/p>\n<p>Die Tageswerkst\u00e4tte Jakobus ist eine Einrichtung der <a href=\"https:\/\/www.barmherzige-brueder.at\/portal\/umwelt\/emas\">Lebenswelten Steiermark der Barmherzigen Br\u00fcder<\/a>. Sie bietet Menschen mit Beeintr\u00e4chtigung Teilhabe an Arbeit und Besch\u00e4ftigung, individuelle F\u00f6rderung und soziale Inklusion. Im Zentrum stehen die St\u00e4rkung der pers\u00f6nlichen F\u00e4higkeiten, die F\u00f6rderung von Selbstst\u00e4ndigkeit und ein Miteinander auf Augenh\u00f6he.<\/p>\n<p>Nachhaltigkeit ist ein zentraler Bestandteil der Organisationskultur der Barmherzigen Br\u00fcder \u2013 \u00f6kologisch, sozial und \u00f6konomisch. Ressourcenschonendes Handeln, regionale Kreisl\u00e4ufe, Zero-Waste-Ans\u00e4tze, Upcycling und Bewusstseinsbildung werden aktiv im Alltag gelebt.<\/p>\n<p>Die Lebenswelten der Barmherzigen Br\u00fcder erh\u00e4lt den Umweltmanagement-Preis f\u00fcr ihr umfassendes Nachhaltigkeitskonzept, das \u00f6kologische Verantwortung, soziale Teilhabe und kreative Mitgestaltung vereint. Mit der Umsetzung des Konzeptes bildet die Tageswerkst\u00e4tte Jakobus ein Vorbild f\u00fcr andere Einrichtungen.<\/p>\n<p>Die Jury \u00fcberzeugte das Nachhaltigkeitskonzept insbesondere hinsichtlich der Verkn\u00fcpfung \u00f6kologischer und sozialer Aspekte sowie die Ausweitung der Kommunikation auf eine neue Zielgruppe. Dar\u00fcber hinaus lobte die Jury die Multiplikatoren- und Signalwirkung der Ma\u00dfnahme.<\/p>\n<hr \/>\n<h3>Neuzug\u00e4nge (2022-2025):<\/h3>\n<p><img loading=\"lazy\" decoding=\"async\" class=\"wp-image-9904 size-medium alignnone\" src=\"https:\/\/www.vnu-ev.de\/wp-content\/uploads\/2025\/11\/ATKN_251113_Naturenergie-300x300.jpg\" alt=\"\" width=\"300\" height=\"300\" srcset=\"https:\/\/www.vnu-ev.de\/en\/wp-content\/uploads\/2025\/11\/ATKN_251113_Naturenergie-300x300.jpg 300w, https:\/\/www.vnu-ev.de\/en\/wp-content\/uploads\/2025\/11\/ATKN_251113_Naturenergie-150x150.jpg 150w, https:\/\/www.vnu-ev.de\/en\/wp-content\/uploads\/2025\/11\/ATKN_251113_Naturenergie-500x500.jpg 500w, https:\/\/www.vnu-ev.de\/en\/wp-content\/uploads\/2025\/11\/ATKN_251113_Naturenergie-400x400.jpg 400w, https:\/\/www.vnu-ev.de\/en\/wp-content\/uploads\/2025\/11\/ATKN_251113_Naturenergie.jpg 630w\" sizes=\"auto, (max-width: 300px) 100vw, 300px\" \/><br \/>\n<span style=\"color: #999999;\"><em>Foto: B. Heimer<\/em><\/span><\/p>\n<p>Die <a href=\"https:\/\/www.naturenergie-holding.ch\/presse-detail\/news\/2938-einsatz-fuer-heimische-natur-gewuerdigt\">naturenergie Gruppe<\/a> bietet ganzheitliche Energiel\u00f6sungen. Sie erzeugt und vertreibt erneuerbare Energie aus Wasser- und Sonnenkraft. Das Produkt- und Dienstleistungsportfolio umfasst die Bereiche Photovoltaik, W\u00e4rme, Bauen und Wohnen sowie Elektromobilit\u00e4t. Das Tochterunternehmen naturenergie netze GmbH verantwortet den Betrieb und die Weiterentwicklung der Stromverteilnetze. Zur Unternehmensgruppe geh\u00f6ren dar\u00fcber hinaus die naturenergie hochrhein AG, die enalpin AG und die tritec AG.<\/p>\n<p>Seit \u00fcber 125 Jahren erzeugt naturenergie klimafreundlichen Strom aus Wasserkraft \u2013 ein Engagement, das seit 2009 durch ein systematisches Umweltmanagement gest\u00fctzt und kontinuierlich weiterentwickelt wird. Umweltmanagement, Klima- und Umweltschutz sowie Nachhaltigkeit sind dabei zentrale Bestandteile der Unternehmensstrategie und pr\u00e4gen das t\u00e4gliche Handeln auf allen Ebenen.<\/p>\n<p>Naturenergie erh\u00e4lt den Umweltmanagement-Preis f\u00fcr ihren Neophytenhalbtag, eine Mitarbeitenden-Aktion mit wachsender Beteiligung (zuletzt \u00fcber 50 Personen). Beim Neophythenhalbtag entfernen Mitarbeitende gemeinsam invasive Pflanzen rund um die Standorte. Die Initiative st\u00e4rkt das Umweltbewusstsein und f\u00f6rdert die Artenvielfalt in der Region.<\/p>\n<p>Besonders beeindruckt zeigte sich die Jury von der hohen Akzeptanz der Ma\u00dfnahme sowie die abteilungs\u00fcbergreifende Inbezugnahme der Mitarbeitenden inkl. der Gesch\u00e4ftsf\u00fchrung. Dar\u00fcber hinaus w\u00fcrdigte die Jury nicht nur die Greifbarkeit der Ma\u00dfnahme durch direkte Erfolgserlebnisse, sondern auch die Nutzung f\u00fcr intensive Kommunikation weiterer Umweltthemen (Ziele f\u00fcr Nachhaltige Entwicklung der Vereinten Nationen).<\/p>\n<hr \/>\n<p><img loading=\"lazy\" decoding=\"async\" class=\"alignnone wp-image-9910 size-medium\" src=\"https:\/\/www.vnu-ev.de\/wp-content\/uploads\/2025\/11\/DEKN_251113_Pro7_Sat_1_AT-300x300.jpg\" alt=\"\" width=\"300\" height=\"300\" srcset=\"https:\/\/www.vnu-ev.de\/en\/wp-content\/uploads\/2025\/11\/DEKN_251113_Pro7_Sat_1_AT-300x300.jpg 300w, https:\/\/www.vnu-ev.de\/en\/wp-content\/uploads\/2025\/11\/DEKN_251113_Pro7_Sat_1_AT-150x150.jpg 150w, https:\/\/www.vnu-ev.de\/en\/wp-content\/uploads\/2025\/11\/DEKN_251113_Pro7_Sat_1_AT-500x500.jpg 500w, https:\/\/www.vnu-ev.de\/en\/wp-content\/uploads\/2025\/11\/DEKN_251113_Pro7_Sat_1_AT-400x400.jpg 400w, https:\/\/www.vnu-ev.de\/en\/wp-content\/uploads\/2025\/11\/DEKN_251113_Pro7_Sat_1_AT.jpg 630w\" sizes=\"auto, (max-width: 300px) 100vw, 300px\" \/><br \/>\n<em><span style=\"color: #999999;\">Foto: B. Heimer<\/span><\/em><\/p>\n<p><a href=\"https:\/\/www.prosiebensat1puls4.com\/a\/4sustainability\/\">ProSiebenSat.1 PULS 4<\/a> ist die gr\u00f6\u00dfte private Free-TV-Sendergruppe in \u00d6sterreich und betreibt mit PULS 4, ATV, ATV2 und PULS 24 vier \u00f6sterreichische Sender. Zudem z\u00e4hlen auch acht Programm- und Werbefenster der ProSiebenSat.1 Media SE zum Portfolio. Erg\u00e4nzt wird das TV-Angebot durch die Streamingplattform JOYN.<\/p>\n<p>Mit der Nachhaltigkeitsinitiative 4Sustainability verfolgt das Unternehmen einen ganzheitlichen Ansatz, um \u00f6kologische und gesellschaftliche Verantwortung zu \u00fcbernehmen. Als erste EMAS-registrierte TV-Sendergruppe \u00d6sterreichs setzt das Medienhaus auf ambitionierte Umweltziele, transparente Kommunikation und aktive Beteiligung der Mitarbeitenden. Die mediale Reichweite wird genutzt, um Nachhaltigkeit sichtbar zu machen und gesellschaftliches Bewusstsein zu st\u00e4rken.<\/p>\n<p>Den Umweltmanagement-Preis erh\u00e4lt ProSiebenSat.1Puls4 f\u00fcr ihre Umwelterkl\u00e4rung im Videoformat. Besonders \u00fcberzeugend fand die Jury die unterschiedliche Aufbereitung der Umwelterkl\u00e4rung f\u00fcr spezifische Zielgruppen sowie die abwechslungsreiche und lebendige Darstellung. Dar\u00fcber hinaus lobte die Jury den Innovationsgehalt der Ma\u00dfnahme und die Motivationswirkung des Videos f\u00fcr andere Unternehmen, ebenfalls EMAS anzuwenden.<\/p>\n<hr \/>\n<h2>Die Kategorien<\/h2>\n<p>Unternehmen und Organisationen konnten sich bis zum 12. Juni 2025 mit ihren herausragenden Ma\u00dfnahmen in einer (oder beiden) Kategorien bewerben. Voraussetzung ist, dass die eingereichten Ma\u00dfnahmen bereits umgesetzt und entweder qualitativ oder quantitativ bewertet sind \u2013 etwa durch Kennzahlen, Wirkungsanalysen oder andere geeignete Methoden.<\/p>\n<p>Au\u00dferdem ber\u00fccksichtigt die Fachjury in beiden Kategorien, wie lang ein\/e Bewerber*in bereits \u00fcber eine EMAS-Registrierung verf\u00fcgt, so dass in jeder Kategorie jeweils die besten EMAS-Pioniere, EMAS-Erfahrenen sowie EMAS-Neuzug\u00e4nge ausgezeichnet werden:<\/p>\n<p><strong>1. Beste Ma\u00dfnahme zur Verbesserung der Umweltleistung<\/strong><\/p>\n<p>In dieser Kategorie stehen Ma\u00dfnahmen im Fokus, die den Umwelt-, Natur-, Ressourcen- und Klimaschutz (inkl. Klimaanpassung) voranbringen. Beispiele hierf\u00fcr sind:<\/p>\n<p>- die (Weiter-)Entwicklung umweltfreundlicher Produkte und Dienstleistungen,<br \/>\n- biodiversit\u00e4tserhaltende oder -wiederherstellende Ma\u00dfnahmen,<br \/>\n- nachhaltige Infrastrukturprojekte in Bereichen wie Geb\u00e4ude, Beschaffung oder Logistik,<br \/>\n- organisations\u00fcbergreifende Kooperationen, beispielsweise im Supply Chain Management,<br \/>\n- systematische Innovationen wie Sharing-Modelle, R\u00fccknahme-Systeme oder andere Ans\u00e4tze der Kreislaufwirtschaft.<\/p>\n<p><strong>2. Beste Ma\u00dfnahme zur Kommunikation und Beteiligung<\/strong><\/p>\n<p>Diese Kategorie w\u00fcrdigt Ma\u00dfnahmen, die die externe und interne Kommunikation oder Beteiligung von Stakeholdern und Mitarbeitenden betreffen. Beispiele sind:<\/p>\n<p>- partizipative Formate f\u00fcr Mitarbeitende,<br \/>\n- die Einbindung von Stakeholdern wie Anwohnenden, Umweltverb\u00e4nden oder Gesch\u00e4ftspartnern,<br \/>\n- die Gestaltung und Nutzung der EMAS-Umwelterkl\u00e4rung, z. B. integriert in einen Nachhaltigkeitsbericht,<br \/>\n- kreative Kommunikationskampagnen oder Werbema\u00dfnahmen mit dem EMAS-Logo.<\/p>\n<p>Die Ma\u00dfnahmen dieser Kategorie k\u00f6nnen sich auf das gesamte Umweltmanagementsystem oder auf einzelne Projekte beziehen.<\/p>\n<h2>Die Bewertungskriterien<\/h2>\n<p>Die Bewertung erfolgt durch je eine nationale Jury zur Vorauswahl und eine deutsch-\u00f6sterreichische Jury zur Endauswahl. Ma\u00dfgeblich sind vor allem die folgenden Kriterien:<\/p>\n<ol class=\"c-list c-list--ordered c-list--default\">\n<li>Wirksamkeit der Ma\u00dfnahme, zum Beispiel nachgewiesene Verbesserung der Umweltleistung, erreichte Zielgruppen<\/li>\n<li>Innovationsgehalt der Ma\u00dfnahme<\/li>\n<li>Zusammenspiel der Ma\u00dfnahme mit der Unternehmenskommunikation und -strategie<\/li>\n<li>Transparenz und Nachvollziehbarkeit der Darstellung der Ma\u00dfnahme<\/li>\n<\/ol>\n<h2>Die Jury<\/h2>\n<p>Im Rahmen der nationalen Vorauswahl haben jeweils 2 der 10 Jury-Mitglieder die rund 40 Bewerbungen bewertet und damit die Liste der Finalisten vorbereitet. Das BMUKN ermittelte mit weiteren Beteiligten aus DIHK, UGA und VNU daraus die 6 Bewerbungen, die sich f\u00fcr die finale Bewertung durch die \u00f6sterreichischen Jury-Mitglieder qualifizierten.<\/p>\n<p>Bei den Mitgliedern der Jury waren erfahrene Jury-Mitglieder und Personen beteiligt, die erstmals in der Jury aktiv waren. Insgesamt wurde die Jury-Arbeit durch Frau B. Heimer koordiniert und wir danken allen Beteiligten f\u00fcr die effektive, freundliche und sehr gute Zusammenarbeit.<\/p>\n<p>Dr. Birgit Gieren<br \/>\nAnton Lechner<br \/>\nMartin Myska<br \/>\nAnja Oels<br \/>\nMaragareta Rink<br \/>\nDr. Michael Schemmer<br \/>\nGEorg Smolka<br \/>\nDr. Volker Teichert<br \/>\nDr. Georg Vogl<br \/>\nAlexander Wiederer<\/p>\n<h2>Die Preisverleihung<\/h2>\n<p>Am <strong>13. November 2025<\/strong> wurden die Preise im Rahmen einer Fach- und Jubil\u00e4umskonferenz in <strong>Berlin<\/strong> im Haus der Deutschen Wirtschaft \u00fcbergeben.<\/p>\n<p>Veranstalter sind das Bundesministerium f\u00fcr Umwelt, Klimaschutz, Naturschutz und nukleare Sicherheit (BMUKN Deutschland) sowie das Bundesministerium f\u00fcr Land- und Forstwirtschaft, Umwelt, Klima, Regionen und Wasserwirtschaft (BMLUK \u00d6sterreich) mit Unterst\u00fctzung der Deutschen Industrie- und Handelskammer (DIHK), des Umweltgutachterausschusses (UGA) und des Verbands f\u00fcr Nachhaltigkeits- und Umweltmanagement e.V. (VNU)<\/p>\n","protected":false},"excerpt":{"rendered":"<p>Fotos: B. Heimer Konferenz und Verleihung der Umweltmanagement-Preise 2025 EMAS hat Geburtstag, feierte sein 30-j\u00e4hriges&#8230; <a class=\"read-more\" href=\"https:\/\/www.vnu-ev.de\/en\/events\/umweltmanagement-preis-2025\">More<\/a><\/p>\n","protected":false},"author":3,"featured_media":0,"comment_status":"closed","ping_status":"closed","sticky":false,"template":"","format":"standard","meta":{"_acf_changed":false,"footnotes":""},"categories":[9,1],"tags":[],"class_list":["post-6150","post","type-post","status-publish","format-standard","hentry","category-top-event","category-events"],"acf":[],"_links":{"self":[{"href":"https:\/\/www.vnu-ev.de\/en\/wp-json\/wp\/v2\/posts\/6150","targetHints":{"allow":["GET"]}}],"collection":[{"href":"https:\/\/www.vnu-ev.de\/en\/wp-json\/wp\/v2\/posts"}],"about":[{"href":"https:\/\/www.vnu-ev.de\/en\/wp-json\/wp\/v2\/types\/post"}],"author":[{"embeddable":true,"href":"https:\/\/www.vnu-ev.de\/en\/wp-json\/wp\/v2\/users\/3"}],"replies":[{"embeddable":true,"href":"https:\/\/www.vnu-ev.de\/en\/wp-json\/wp\/v2\/comments?post=6150"}],"version-history":[{"count":11,"href":"https:\/\/www.vnu-ev.de\/en\/wp-json\/wp\/v2\/posts\/6150\/revisions"}],"predecessor-version":[{"id":6251,"href":"https:\/\/www.vnu-ev.de\/en\/wp-json\/wp\/v2\/posts\/6150\/revisions\/6251"}],"wp:attachment":[{"href":"https:\/\/www.vnu-ev.de\/en\/wp-json\/wp\/v2\/media?parent=6150"}],"wp:term":[{"taxonomy":"category","embeddable":true,"href":"https:\/\/www.vnu-ev.de\/en\/wp-json\/wp\/v2\/categories?post=6150"},{"taxonomy":"post_tag","embeddable":true,"href":"https:\/\/www.vnu-ev.de\/en\/wp-json\/wp\/v2\/tags?post=6150"}],"curies":[{"name":"wp","href":"https:\/\/api.w.org\/{rel}","templated":true}]}}