{"id":6157,"date":"2025-05-09T19:06:17","date_gmt":"2025-05-09T17:06:17","guid":{"rendered":"https:\/\/www.vnu-ev.de\/en\/?p=6157"},"modified":"2025-05-09T19:06:17","modified_gmt":"2025-05-09T17:06:17","slug":"ki-workshop-praesenz_250522","status":"publish","type":"post","link":"https:\/\/www.vnu-ev.de\/en\/events\/ki-workshop-praesenz_250522","title":{"rendered":"KI-Workshop (Pr\u00e4senz)"},"content":{"rendered":"<h3><strong>Erleben Sie in Pr\u00e4senz die M\u00f6glichkeiten von KI in Managementsystemen! - Fr\u00fchbucherrabatt bis zum 08.05.25<\/strong><\/h3>\n<p>KI-Tools verk\u00fcrzen ganz praktisch viele Routinearbeiten im EHS-Alltag und steigern zugleich die Effektivit\u00e4t. Andreas von Saldern (ESolutions GmbH, VNU-Webinar \"KI-Lunch\") f\u00fchrt durch den Tag. Sie k\u00f6nnen im gesch\u00fctzten Rahmen eigene F\u00e4lle ausprobieren, bekommen passgenaue L\u00f6sungen aufgezeigt und k\u00f6nnen sich \u00fcber Ihre Erfahrungen und Herausforderungen austauschen. So gewinnen Sie einen praktischen Eindruck davon, welche M\u00f6glichkeiten die KI zur Entlastung und zur Steigerung der Wirksamkeit bereits heute im EHS-Alltag bietet und welche Chancen sich kurzfristig abzeichnen.<\/p>\n<h3>Zielgruppe<\/h3>\n<p>Der Workshop richtet sich an Personen, die \u00fcber mehrj\u00e4hrige Verantwortung im operativen EHS- und Energiebereich verf\u00fcgen und\/oder Managementsysteme betreuen.<\/p>\n<p>Sie sind herzlich eingeladen, vorab Themen und Fragestellungen mitzuteilen.<\/p>\n<h3>Termin<\/h3>\n<p>22. Mai 2025<br \/>\n10:00 - 16:00 Uhr<\/p>\n<h3>Ort<\/h3>\n<p>Fraport AG<br \/>\nRaum VAR, Geb\u00e4ude 178<br \/>\n60547 Frankfurt a.M.<\/p>\n<h3><strong>Programm<\/strong><\/h3>\n<ol>\n<li>Begr\u00fc\u00dfung<\/li>\n<li>Impulsvortrag: Was kann KI bereits heute? Welche L\u00f6sungen zeichnen sich ab?<\/li>\n<li>Ihre Erwartungen<\/li>\n<li>Gruppenarbeiten: Anwendung von KI-L\u00f6sungen<\/li>\n<li>Plenumsdiskussion<\/li>\n<li>Learnings &amp; Ausblick<\/li>\n<li>Verabschiedung<\/li>\n<\/ol>\n<p>F\u00fcr das leibliche Wohl ist gesorgt.<\/p>\n<h3>Moderator<\/h3>\n<div id=\"attachment_8294\" style=\"width: 160px\" class=\"wp-caption alignnone\"><img aria-describedby=\"caption-attachment-8294\" loading=\"lazy\" decoding=\"async\" class=\"wp-image-8294 size-thumbnail\" src=\"https:\/\/www.vnu-ev.de\/wp-content\/uploads\/2024\/06\/Andreas_vSaldern-150x150.jpg\" alt=\"Andreas von Saldern\" width=\"150\" height=\"150\" srcset=\"https:\/\/www.vnu-ev.de\/en\/wp-content\/uploads\/2024\/06\/Andreas_vSaldern-150x150.jpg 150w, https:\/\/www.vnu-ev.de\/en\/wp-content\/uploads\/2024\/06\/Andreas_vSaldern-300x300.jpg 300w, https:\/\/www.vnu-ev.de\/en\/wp-content\/uploads\/2024\/06\/Andreas_vSaldern-500x500.jpg 500w, https:\/\/www.vnu-ev.de\/en\/wp-content\/uploads\/2024\/06\/Andreas_vSaldern-400x400.jpg 400w, https:\/\/www.vnu-ev.de\/en\/wp-content\/uploads\/2024\/06\/Andreas_vSaldern.jpg 600w\" sizes=\"auto, (max-width: 150px) 100vw, 150px\" \/><p id=\"caption-attachment-8294\" class=\"wp-caption-text\">Andreas von Saldern<\/p><\/div>\n<p>Andreas von Saldern ist nach einem Studium des Maschinenbaus und der Umweltschutztechnik an der TU M\u00fcnchen seit \u00fcber 30 Jahren in unterschiedlichen Bereichen des Umweltschutzes t\u00e4tig. Er war unter anderem in internationalen Unternehmensberatungen aktiv, f\u00fchrte komplexe EHS-Managementsysteme ein und implementierte EHS-Softwarel\u00f6sungen. Zur Zeit besch\u00e4ftigt er sich von M\u00f6glichkeiten von K\u00fcnstlicher Intelligenz im EHS-Management \u2013 einerseits zur Erleichterung der Arbeitsprozesse und andererseits zur signifikanten Vertiefung der inhaltlichen Auseinandersetzung in einem noch nie gekanntem Ma\u00dfe.<\/p>\n<h3><strong>Teilnahmebedingungen &amp; Geb\u00fchren<\/strong><\/h3>\n<p>Der Workshop ist offen f\u00fcr Mitglieder und Nicht-Mitglieder. Mitglieder profitieren von reduzierten Teilnahmegeb\u00fchren.<\/p>\n<p><strong>Fr\u00fchbucherrabatt: Bei einer Anmeldung bis zum 08.05.25 erhalten Sie 50,00 EUR netto Rabatt.<\/strong><\/p>\n<p>VNU-Mitglieder: 250 EUR zzgl. 19% Mehrwertsteuer<br \/>\nNicht-Mitglieder: 350 EUR zzgl. 19% Mehrwertsteuer<br \/>\nG\u00e4ste (z. B. VNU Voucher): kostenfrei<\/p>\n<p>\u2026 \u00fcbrigens profitieren Sie mit einer (Schnupper-)<a href=\"https:\/\/www.vnu-ev.de\/ueber-uns\/mitglied-werden\" target=\"_blank\" rel=\"noopener\">Mitgliedschaft<\/a> sofort von den VNU-Konditionen und k\u00f6nnen alle weiteren VNU-Angebote nutzen.<\/p>\n<p><strong>Die Teilnehmendenzahl ist begrenzt.<\/strong><\/p>\n<h3><strong>Anmeldung<\/strong><\/h3>\n<p>Bitte melden Sie sich \u00fcber unser <a href=\"https:\/\/www.vnu-ev.de\/veranstaltungen\/anmeldung-zum-praesenz-workshop-effektivitaet-und-effizienz-mit-ki\" rel=\"noopener\">Online-Anmeldeformular<\/a> an.<\/p>\n<h3>Dokumentation<\/h3>\n<p>Im Nachgang zum Workshop stehen freigegebene Arbeitsergebnisse und Pr\u00e4sentationen den Teilnehmenden und den VNU-Mitgliedern zur Verf\u00fcgung. Mitglieder k\u00f6nnen sie im Download-Bereich herunterladen, Nicht-Mitgliedern senden wir sie gerne per E-Mail zu.<\/p>\n<h3>Weiteres<\/h3>\n<p>... \u00fcber eine VNU Mitgliedschaft : <a href=\"https:\/\/www.vnu-ev.de\/ueber-uns\/mitglied-werden\" target=\"_blank\" rel=\"noopener noreferrer\">Mitglied werden<\/a><\/p>\n","protected":false},"excerpt":{"rendered":"<p>Erleben Sie in Pr\u00e4senz die M\u00f6glichkeiten von KI in Managementsystemen! &#8211; Fr\u00fchbucherrabatt bis zum 08.05.25&#8230; <a class=\"read-more\" href=\"https:\/\/www.vnu-ev.de\/en\/events\/ki-workshop-praesenz_250522\">More<\/a><\/p>\n","protected":false},"author":412,"featured_media":0,"comment_status":"closed","ping_status":"closed","sticky":false,"template":"","format":"standard","meta":{"_acf_changed":false,"footnotes":""},"categories":[11,9,1,226],"tags":[],"class_list":["post-6157","post","type-post","status-publish","format-standard","hentry","category-meetings","category-top-event","category-events","category-veranstaltungen"],"acf":[],"_links":{"self":[{"href":"https:\/\/www.vnu-ev.de\/en\/wp-json\/wp\/v2\/posts\/6157","targetHints":{"allow":["GET"]}}],"collection":[{"href":"https:\/\/www.vnu-ev.de\/en\/wp-json\/wp\/v2\/posts"}],"about":[{"href":"https:\/\/www.vnu-ev.de\/en\/wp-json\/wp\/v2\/types\/post"}],"author":[{"embeddable":true,"href":"https:\/\/www.vnu-ev.de\/en\/wp-json\/wp\/v2\/users\/412"}],"replies":[{"embeddable":true,"href":"https:\/\/www.vnu-ev.de\/en\/wp-json\/wp\/v2\/comments?post=6157"}],"version-history":[{"count":1,"href":"https:\/\/www.vnu-ev.de\/en\/wp-json\/wp\/v2\/posts\/6157\/revisions"}],"predecessor-version":[{"id":6158,"href":"https:\/\/www.vnu-ev.de\/en\/wp-json\/wp\/v2\/posts\/6157\/revisions\/6158"}],"wp:attachment":[{"href":"https:\/\/www.vnu-ev.de\/en\/wp-json\/wp\/v2\/media?parent=6157"}],"wp:term":[{"taxonomy":"category","embeddable":true,"href":"https:\/\/www.vnu-ev.de\/en\/wp-json\/wp\/v2\/categories?post=6157"},{"taxonomy":"post_tag","embeddable":true,"href":"https:\/\/www.vnu-ev.de\/en\/wp-json\/wp\/v2\/tags?post=6157"}],"curies":[{"name":"wp","href":"https:\/\/api.w.org\/{rel}","templated":true}]}}