{"id":6184,"date":"2025-07-09T10:58:15","date_gmt":"2025-07-09T08:58:15","guid":{"rendered":"https:\/\/www.vnu-ev.de\/en\/?p=6184"},"modified":"2025-07-29T12:31:07","modified_gmt":"2025-07-29T10:31:07","slug":"lisa-von-rhein","status":"publish","type":"post","link":"https:\/\/www.vnu-ev.de\/en\/members\/lisa-von-rhein","title":{"rendered":"Lisa-Marie von Rhein"},"content":{"rendered":"<p>Die Mitgliedschaft im VNU ist f\u00fcr mich eine wertvolle Plattform, um mich mit Gleichgesinnten zu vernetzen und im kollegialen Austausch neue Impulse f\u00fcr die Weiterentwicklung unserer Bildungsangebote zu gewinnen. Die Verbindung von Qualit\u00e4t, Nachhaltigkeit und Bildung ist aus meiner Sicht ein zentraler Hebel f\u00fcr zukunftsf\u00e4higes Wirtschaften \u2013 ein Anspruch, den ich auch im Rahmen der VNU-Aktivit\u00e4ten weiterverfolge.<\/p>\n","protected":false},"excerpt":{"rendered":"<p>Die Mitgliedschaft im VNU ist f\u00fcr mich eine wertvolle Plattform, um mich mit Gleichgesinnten zu&#8230; <a class=\"read-more\" href=\"https:\/\/www.vnu-ev.de\/en\/members\/lisa-von-rhein\">More<\/a><\/p>\n","protected":false},"author":9,"featured_media":0,"comment_status":"closed","ping_status":"closed","sticky":false,"template":"","format":"standard","meta":{"_acf_changed":false,"footnotes":""},"categories":[2,271],"tags":[340,20,24,341,342],"class_list":["post-6184","post","type-post","status-publish","format-standard","hentry","category-members","category-mitglieder","tag-erwachsenenbildung","tag-klimaschutz","tag-nachhaltigkeit","tag-padagogik","tag-weiterbildung"],"acf":[],"_links":{"self":[{"href":"https:\/\/www.vnu-ev.de\/en\/wp-json\/wp\/v2\/posts\/6184","targetHints":{"allow":["GET"]}}],"collection":[{"href":"https:\/\/www.vnu-ev.de\/en\/wp-json\/wp\/v2\/posts"}],"about":[{"href":"https:\/\/www.vnu-ev.de\/en\/wp-json\/wp\/v2\/types\/post"}],"author":[{"embeddable":true,"href":"https:\/\/www.vnu-ev.de\/en\/wp-json\/wp\/v2\/users\/9"}],"replies":[{"embeddable":true,"href":"https:\/\/www.vnu-ev.de\/en\/wp-json\/wp\/v2\/comments?post=6184"}],"version-history":[{"count":3,"href":"https:\/\/www.vnu-ev.de\/en\/wp-json\/wp\/v2\/posts\/6184\/revisions"}],"predecessor-version":[{"id":6191,"href":"https:\/\/www.vnu-ev.de\/en\/wp-json\/wp\/v2\/posts\/6184\/revisions\/6191"}],"wp:attachment":[{"href":"https:\/\/www.vnu-ev.de\/en\/wp-json\/wp\/v2\/media?parent=6184"}],"wp:term":[{"taxonomy":"category","embeddable":true,"href":"https:\/\/www.vnu-ev.de\/en\/wp-json\/wp\/v2\/categories?post=6184"},{"taxonomy":"post_tag","embeddable":true,"href":"https:\/\/www.vnu-ev.de\/en\/wp-json\/wp\/v2\/tags?post=6184"}],"curies":[{"name":"wp","href":"https:\/\/api.w.org\/{rel}","templated":true}]}}