{"id":6227,"date":"2025-09-11T20:27:40","date_gmt":"2025-09-11T18:27:40","guid":{"rendered":"https:\/\/www.vnu-ev.de\/en\/?p=6227"},"modified":"2025-09-27T14:55:44","modified_gmt":"2025-09-27T12:55:44","slug":"ressort-water-risk-25-treffen","status":"publish","type":"post","link":"https:\/\/www.vnu-ev.de\/en\/events\/ressort-water-risk-25-treffen","title":{"rendered":"Ressort Water Risk &#8211; 25. Treffen"},"content":{"rendered":"<p><img loading=\"lazy\" decoding=\"async\" class=\"size-medium wp-image-5168\" src=\"https:\/\/www.vnu-ev.de\/wp-content\/uploads\/2020\/04\/Zoom_Meeting-300x121.png\" alt=\"\" width=\"300\" height=\"121\" data-wp-editing=\"1\" \/><img loading=\"lazy\" decoding=\"async\" class=\"wp-image-2338 alignnone\" src=\"https:\/\/www.vnu-ev.de\/wp-content\/uploads\/2017\/06\/VNU_Logo_96_quer-150x150.gif\" alt=\"\" width=\"120\" height=\"120\" srcset=\"https:\/\/www.vnu-ev.de\/en\/wp-content\/uploads\/2017\/06\/VNU_Logo_96_quer-150x150.gif 150w, https:\/\/www.vnu-ev.de\/en\/wp-content\/uploads\/2017\/06\/VNU_Logo_96_quer-300x300.gif 300w, https:\/\/www.vnu-ev.de\/en\/wp-content\/uploads\/2017\/06\/VNU_Logo_96_quer-500x500.gif 500w, https:\/\/www.vnu-ev.de\/en\/wp-content\/uploads\/2017\/06\/VNU_Logo_96_quer-400x400.gif 400w\" sizes=\"auto, (max-width: 120px) 100vw, 120px\" \/><\/p>\n<p>Das Ressort Water Risk besteht seit 2013 und im Jubil\u00e4umsjahr 2025 des VNU laden wir Sie gerne ein, am <strong>10. Oktober 2025 <\/strong>von <strong>12:00<\/strong> bis <strong>14:00<\/strong> <strong>Uhr <\/strong>bei unserem n\u00e4chsten virtuelles Treffen (Zoom-Meeting) dabei zu sein.<\/p>\n<h2>Programm<\/h2>\n<p><img loading=\"lazy\" decoding=\"async\" class=\"wp-image-9771 alignleft\" src=\"https:\/\/www.vnu-ev.de\/wp-content\/uploads\/2025\/09\/WaRi_251010-300x300.jpg\" alt=\"\" width=\"300\" height=\"300\" srcset=\"https:\/\/www.vnu-ev.de\/en\/wp-content\/uploads\/2025\/09\/WaRi_251010-300x300.jpg 300w, https:\/\/www.vnu-ev.de\/en\/wp-content\/uploads\/2025\/09\/WaRi_251010-150x150.jpg 150w, https:\/\/www.vnu-ev.de\/en\/wp-content\/uploads\/2025\/09\/WaRi_251010-500x500.jpg 500w, https:\/\/www.vnu-ev.de\/en\/wp-content\/uploads\/2025\/09\/WaRi_251010-400x400.jpg 400w, https:\/\/www.vnu-ev.de\/en\/wp-content\/uploads\/2025\/09\/WaRi_251010.jpg 610w\" sizes=\"auto, (max-width: 300px) 100vw, 300px\" \/><\/p>\n<p>11:45 Uhr<br \/>\nwir sind online \u2026 erster lockerer Austausch<\/p>\n<p>12:00 Uhr<br \/>\n<strong>Bettina Heimer (VNU Ressortleitung)<br \/>\nProf. Markus Berger (Universit\u00e4t Twente, fachliche Begleitung)<\/strong><br \/>\nBegr\u00fc\u00dfung, Vorstellungsrunde<\/p>\n<p>12:15 Uhr<br \/>\n<span style=\"color: #119988;\"><strong>Auswirkung des Klimawandels auf die Wasserverf\u00fcgbarkeit<br \/>\n<\/strong><\/span><strong><span style=\"color: #119988;\">Anpassung an Trockenheit und D\u00fcrre in Deutschland (WADKlim)<\/span><br \/>\n<\/strong>Bernd Kirschbaum (UBA)<br \/>\nMitglied der Redaktion im Fachgebiet II 2.1<br \/>\n\u00dcbergreifende Angelegenheiten Wasser und Boden<\/p>\n<p>Vor dem Hintergrund des Klimawandels ist damit zu rechnen, dass es in Deutschland aufgrund steigender Temperaturen und ver\u00e4nderter Niederschlagsverh\u00e4ltnisse zunehmend zu Trockenzeiten kommt, Bodenfeuchte und Grundwasserspiegel langfristig abnehmen, und die Wasserverf\u00fcgbarkeit gemindert wird.<\/p>\n<p>Dieser Bericht fasst die Ergebnisse des WADKlim-Projektes zusammen, das die Auswirkung des Klimawandels auf die Wasserverf\u00fcgbarkeit sowie die Anpassung an Trockenheit und D\u00fcrre in Deutschland untersucht hat. Das Projekt schafft einen \u00dcberblick \u00fcber die gegenw\u00e4rtige Wasserverf\u00fcgbarkeit in Deutschland, sowie deren m\u00f6gliche zuk\u00fcnftigen Entwicklung unter Klimawandelbedingungen. Weiterhin analysiert das Vorhaben aktuelle und zuk\u00fcnftige Wassernutzungskonflikte in Deutschland und entwickelt L\u00f6sungsstrategien und Ma\u00dfnahmen, die zum vorausschauenden Umgang und zur Vermeidung von Nutzungskonflikten beitragen k\u00f6nnen. Zudem werden die M\u00f6glichkeiten, Chancen und Risiken der Wasserwiederverwendung zur Bew\u00e4sserung im urbanen Raum dargestellt und bewertet. (<a href=\"https:\/\/www.umweltbundesamt.de\/sites\/default\/files\/medien\/11850\/publikationen\/143_2024_texte_wadklim.pdf\">Link zur Studie<\/a>)<\/p>\n<p>&nbsp;<\/p>\n<p>13:00 Uhr<br \/>\n<span style=\"color: #119988;\"><strong>WavE -\u00a0<\/strong><strong>Erh\u00f6hung der Wasserverf\u00fcgbarkeit durch Wiederverwendung<br \/>\n<\/strong><strong>Eine Initiative des Bundesministeriums f\u00fcr Forschung, Technologie und Raumfahrt BMFTR (ehem. BMBF)\u00a0<\/strong><\/span><\/p>\n<p>Dr. Thomas Track, DECHEMA e. V.<\/p>\n<p>Wasser wird in vielen Regionen der Erde knapp \u2013 nicht nur in klassischen trockenen Gebieten. Es stellt eine immer gr\u00f6\u00dfer werdende globale Herausforderung dar, Haushalte, Landwirtschaft und Industrie bedarfsgerecht mit Wasser versorgen zu k\u00f6nnen. Der Wasserbedarf wird sich in den kommenden Jahren weltweit drastisch erh\u00f6hen. Gleichzeitig ist bereits heute die Verf\u00fcgbarkeit von Wasser stark begrenzt und regional sogar r\u00fcckl\u00e4ufig. Hierzu tragen unter anderem die Verschmutzung und \u00dcbernutzung von Wasserressourcen, der Klimawandel sowie die ungleiche Verteilung der Wasservorr\u00e4te ma\u00dfgeblich bei. (<a href=\"https:\/\/bmbf-wave.de\/F%C3%B6rderma%C3%9Fnahmen\/Hintergrund_+Ziele+und+Themenfelder.html\" target=\"_blank\" rel=\"noopener\">Link zur Projektseite<\/a>)<\/p>\n<p>Vor diesem Hintergrund hatte das Bundesministerium f\u00fcr Forschung, Technologie und Raumfahrt BMFTR (ehem. BMBF) folgende F\u00f6rderma\u00dfnahmen auf den Weg gebracht:<\/p>\n<p>- F\u00f6rderma\u00dfnahme<strong> Wassertechnologien: Wiederverwendung<\/strong> (02\/2021 - 03\/2025)<br \/>\n- F\u00f6rderma\u00dfnahme<strong> WavE<\/strong> \u2013 <strong>Zukunftsf\u00e4hige Technologien und Konzepte zur Erh\u00f6hung der Wasserverf\u00fcgbarkeit durch Wasserwiederverwendung und Entsalzung <\/strong>(2016 \u2013 2021)<\/p>\n<p>13:45 Uhr<br \/>\nBettina Heimer, Ressortleitung im VNU \/ alle Anwesenden<br \/>\n<strong>Themen und Termin des n\u00e4chsten Treffens<br \/>\nallgemeiner Austausch<\/strong><\/p>\n<p>13:55 Uhr<br \/>\n<strong>Verabschiedung\u00a0<\/strong><\/p>\n<h2>Zielgruppe<\/h2>\n<p>Die Teilnahme an diesen Treffen ist f\u00fcr alle Interessierten offen, die mit der Wasserbewirtschaftung und dem (betrieblichen) Gew\u00e4sserschutz befasst sind. Mit wechselnden Themen bieten wir Ihnen einen fachlichen Einblick und die Gelegenheit zum Austausch mit den anderen Teilnehmenden sowie den Referenten.<\/p>\n<p>Nutzen Sie dieses Treffen auch gerne, um den Verband VNU mit seinem gesamten Angebot von und f\u00fcr Mitglieder kennen zu lernen.<\/p>\n<h2><strong>Anmeldung<br \/>\n<\/strong><\/h2>\n<p>Nicht-Mitglieder nutzen bitte das <a href=\"https:\/\/www.vnu-ev.de\/veranstaltungen\/ressort-water-risk-anmeldung\" target=\"_blank\" rel=\"noopener\">Online-Anmeldeformular<\/a><br \/>\nVNU-Mitglieder k\u00f6nnen sich auch formlos per E-Mail bei <a href=\"mailto:B.Heimer@vnu-ev.de ?subject=virtuelles Treffen des Ressorts Water Risk am 27.06.2025\">B.Heimer@vnu-ev.de<\/a> anmelden.<\/p>\n<h2><strong>Geb\u00fchren <\/strong><\/h2>\n<p>Nicht-Mitglieder k\u00f6nnen einmalig geb\u00fchrenfrei das Angebot des Ressorts Water Risk nutzen. Ab der zweiten Teilnahme erheben wir f\u00fcr Nicht-Mitglieder eine Geb\u00fchr von 50,00 \u20ac (netto) pro Person und pro Treffen. ... \u00fcbrigens eine Schnupper-Mitgliedschaft f\u00fcr Personen kostet 100 \u20ac f\u00fcr eine Person und einen Zeitraum von 1 Jahr.<\/p>\n<p>VNU-Mitglieder nehmen immer geb\u00fchrenfrei teil.<\/p>\n<h2><strong>Zoom-Zugangsdaten<br \/>\n<\/strong><\/h2>\n<p>Nach Ihrer Anmeldung erhalten Sie eine Best\u00e4tigung per e-Mail.<br \/>\nKurz vor der Veranstaltung erhalten Sie ebenfalls per E-Mail die Zugangsdaten f\u00fcr das ZOOM-Meeting.<\/p>\n<h2>Weitere Informationen<\/h2>\n<p>... \u00fcber das VNU-Ressort Water Risk: <a href=\"https:\/\/www.vnu-ev.de\/ressorts\/ressort-water-risk\">Ressort Water Risk<\/a><br \/>\n... \u00fcber alle VNU-Ressorts: <a href=\"https:\/\/www.vnu-ev.de\/ressorts\">Ressortleitungen<\/a><br \/>\n... \u00fcber eine VNU Mitgliedschaft: <a href=\"https:\/\/www.vnu-ev.de\/ueber-uns\/mitglied-werden\" target=\"_blank\" rel=\"noopener noreferrer\">Mitglied werden<\/a><br \/>\n... \u00fcber die Nutzung von ZOOM: <a href=\"https:\/\/www.vnu-ev.de\/wp-content\/uploads\/2020\/06\/2020_Zoom_VNU.pdf\" target=\"_blank\" rel=\"noopener noreferrer\">VNU Information<\/a><\/p>\n","protected":false},"excerpt":{"rendered":"<p>Das Ressort Water Risk besteht seit 2013 und im Jubil\u00e4umsjahr 2025 des VNU laden wir&#8230; <a class=\"read-more\" href=\"https:\/\/www.vnu-ev.de\/en\/events\/ressort-water-risk-25-treffen\">More<\/a><\/p>\n","protected":false},"author":3,"featured_media":0,"comment_status":"closed","ping_status":"closed","sticky":false,"template":"","format":"standard","meta":{"_acf_changed":false,"footnotes":""},"categories":[242,9,1],"tags":[],"class_list":["post-6227","post","type-post","status-publish","format-standard","hentry","category-ressort","category-top-event","category-events"],"acf":[],"_links":{"self":[{"href":"https:\/\/www.vnu-ev.de\/en\/wp-json\/wp\/v2\/posts\/6227","targetHints":{"allow":["GET"]}}],"collection":[{"href":"https:\/\/www.vnu-ev.de\/en\/wp-json\/wp\/v2\/posts"}],"about":[{"href":"https:\/\/www.vnu-ev.de\/en\/wp-json\/wp\/v2\/types\/post"}],"author":[{"embeddable":true,"href":"https:\/\/www.vnu-ev.de\/en\/wp-json\/wp\/v2\/users\/3"}],"replies":[{"embeddable":true,"href":"https:\/\/www.vnu-ev.de\/en\/wp-json\/wp\/v2\/comments?post=6227"}],"version-history":[{"count":8,"href":"https:\/\/www.vnu-ev.de\/en\/wp-json\/wp\/v2\/posts\/6227\/revisions"}],"predecessor-version":[{"id":6236,"href":"https:\/\/www.vnu-ev.de\/en\/wp-json\/wp\/v2\/posts\/6227\/revisions\/6236"}],"wp:attachment":[{"href":"https:\/\/www.vnu-ev.de\/en\/wp-json\/wp\/v2\/media?parent=6227"}],"wp:term":[{"taxonomy":"category","embeddable":true,"href":"https:\/\/www.vnu-ev.de\/en\/wp-json\/wp\/v2\/categories?post=6227"},{"taxonomy":"post_tag","embeddable":true,"href":"https:\/\/www.vnu-ev.de\/en\/wp-json\/wp\/v2\/tags?post=6227"}],"curies":[{"name":"wp","href":"https:\/\/api.w.org\/{rel}","templated":true}]}}