{"id":6271,"date":"2026-02-02T15:50:00","date_gmt":"2026-02-02T14:50:00","guid":{"rendered":"https:\/\/www.vnu-ev.de\/en\/?p=6271"},"modified":"2026-03-29T18:26:35","modified_gmt":"2026-03-29T16:26:35","slug":"umwelt-und-nachhaltigkeitsmanagementtag-2026","status":"publish","type":"post","link":"https:\/\/www.vnu-ev.de\/en\/events\/umwelt-und-nachhaltigkeitsmanagementtag-2026","title":{"rendered":"Umwelt- und Nachhaltigkeitsmanagement-Tag 2026"},"content":{"rendered":"<h1><img loading=\"lazy\" decoding=\"async\" class=\"wp-image-1066 size-thumbnail\" style=\"font-size: 16px;\" src=\"https:\/\/www.vnu-ev.de\/wp-content\/uploads\/2016\/12\/Boerse_Frankfurt-e1483021293227-150x150.jpg\" alt=\"IHK \/ B\u00f6rse\" width=\"150\" height=\"150\" srcset=\"https:\/\/www.vnu-ev.de\/en\/wp-content\/uploads\/2016\/12\/Boerse_Frankfurt-e1483021293227-150x150.jpg 150w, https:\/\/www.vnu-ev.de\/en\/wp-content\/uploads\/2016\/12\/Boerse_Frankfurt-e1483021293227-300x300.jpg 300w, https:\/\/www.vnu-ev.de\/en\/wp-content\/uploads\/2016\/12\/Boerse_Frankfurt-e1483021293227-1024x1024.jpg 1024w, https:\/\/www.vnu-ev.de\/en\/wp-content\/uploads\/2016\/12\/Boerse_Frankfurt-e1483021293227-500x500.jpg 500w, https:\/\/www.vnu-ev.de\/en\/wp-content\/uploads\/2016\/12\/Boerse_Frankfurt-e1483021293227-400x400.jpg 400w, https:\/\/www.vnu-ev.de\/en\/wp-content\/uploads\/2016\/12\/Boerse_Frankfurt-e1483021293227.jpg 1099w\" sizes=\"auto, (max-width: 150px) 100vw, 150px\" \/><\/h1>\n<p>IHK \/ B\u00f6rse<br \/>\nFrankfurt am Main<\/p>\n<h2>Trends und Tools f\u00fcr die nachhaltige Unternehmensentwicklung<\/h2>\n<p>Am Dienstag,<strong> 24. M\u00e4rz 2026<\/strong>, fand erneut der Umwelt- und Nachhaltigkeitsmanagement-Tag in die IHK Frankfurt am Main statt. Der Tag brachte aktuelle Entwicklungen, praktische Erfahrungen und neue Impulse f\u00fcr nachhaltiges Wirtschaften zusammen.<\/p>\n<p>Fachvortr\u00e4ge, ein Podium zur Biodiversit\u00e4t sowie ein umfassendes Umweltrechts-Update gaben Orientierung f\u00fcr die t\u00e4gliche Praxis. Einen besonderen Akzent bot der Key-Note-Speaker\u00a0<strong>Lars Abromeit<\/strong>, bekannt als Journalist und Autor, spezialisiert auf Natur, Umwelt und Nachhaltigkeit, der mit eindrucksvollen Naturerlebnissen den Blick auf Chancen und Verantwortung sch\u00e4rfte.<\/p>\n<h2><strong>Der Tag im \u00dcberblick<\/strong><\/h2>\n<p><strong>Termin<br \/>\n<\/strong>Dienstag, der 24. M\u00e4rz 2026<\/p>\n<p><strong>Ort<\/strong><br \/>\nIHK Frankfurt am Main, B\u00f6rsenplatz 4 \u00b7 60313 Frankfurt a. M.<\/p>\n<p><strong>Fachveranstaltung mit Get-together<br \/>\n<\/strong>Registrierung ab 10:30 Uhr \/ Beginn 11:00 Uhr \/ Ende ca. 18:30 Uhr<\/p>\n<h2><strong>Programm<\/strong><\/h2>\n<p>Stand des Programms: 03\/2026<\/p>\n<p><span style=\"color: #112288;\"><strong>11:00 Uhr Begr\u00fc\u00dfung<br \/>\n<\/strong><\/span>IHK Frankfurt am Main<br \/>\nVorstand des VNU e. V.<\/p>\n<p><strong><span style=\"color: #112288;\">11:15 Uhr Vortrag - Bereitstellung und Nutzung nachwachsender Rohstoffe <span style=\"color: #119988;\">[ <a href=\"https:\/\/www.vnu-ev.de\/?s2member_file_download=\/access-s2member-level1\/Aufz\/2026\/260324_UNT_01_Remmele.pdf\">Vortrag<\/a> ]<\/span><\/span><br \/>\n<\/strong><em>Referent, Dr. Edgar Remmele, Technologie- und F\u00f6rderzentrum (TFZ)\u00a0\u00a0<\/em><br \/>\nNachwachsende Rohstoffe aus Land- und Forstwirtschaft sind ein zentraler Baustein f\u00fcr den Klimaschutz und eine nachhaltige Wirtschaft. Sie gewinnen bei der Produktgestaltung und Energieversorgung zunehmend an Bedeutung. Das TFZ in Straubing ist seit vielen Jahren forschend und beratend zum Thema Nachwachsende Rohstoffe t\u00e4tig. Dr. Remmele leitet am TFZ die Abteilung Erneuerbare Kraftstoffe und Materialien. Er zeigt in seinem Vortrag aktuelle Entwicklungen auf und pr\u00e4sentiert Beispiele aus der Forschung des TFZ.<strong><br \/>\n<\/strong><\/p>\n<p><span style=\"color: #112288;\"><strong>12:00 Uhr Vortrag - Schnelle, sichere und nachhaltige IT-Kapazit\u00e4ten mit EMAS [ <a href=\"https:\/\/www.vnu-ev.de\/?s2member_file_download=\/access-s2member-level1\/Aufz\/2026\/260324_UNT_02_W\u00f6rner.pdf\">Vortrag<\/a> ]<\/strong><\/span><br \/>\n<em>Referent: Olaf W\u00f6rner, maincubes Holding &amp; Service GmbH<\/em><br \/>\nDie Digitalisierung und Nutzung von KI erfordert erhebliche Rechenzentrumsleistungen und die maincubes Holding &amp; Service GmbH in Frankfurt am Main und Berlin bietet dazu hochsichere, skalierbare L\u00f6sungen an. Aber nicht nur das, seit 7.12.2023 ist das hessische Unternehmen in das EMAS-Register eingetragen und der Managementbeauftragte bringt Motivation, Erfahrungen und Tipps mit, wie Umweltf\u00fcrsorge und Ressourceneffizienz in einem Rechenzentrum Hand in Hand gehen.<\/p>\n<p><strong><span style=\"color: #112288;\">12:45 Uhr\u00a0 Pause<\/span> <\/strong><\/p>\n<p><strong><span style=\"color: #112288;\">13:30 Uhr Podium - Biodiversit\u00e4t? Einfach machen! Wege in die betriebliche Umsetzung [ <a href=\"https:\/\/www.vnu-ev.de\/?s2member_file_download=\/access-s2member-level1\/Aufz\/2026\/260324_UNT_03_Franklyn.pdf\">Impuls<\/a> ]<\/span><br \/>\n<\/strong><em>Moderation: Jakob Flechtner, Kompetenzzentrum Klimaschutz in energieintensiven Industrien (KEI)<\/em><br \/>\n<em>Podium: Valentin Franklyn, Unternehmen Biologische Vielfalt - DIHK Service GmbH;<br \/>\nJuliane Gallersd\u00f6rfer, Scandlines Deutschland GmbH\u00a0\u00a0<\/em><br \/>\nVom ersten Schritt bis zur wirksamen Strategie: Auf dem Podium diskutieren Akteur:innen aus Unternehmen und Initiativen diskutieren konkrete Schritte, Erfolgsfaktoren und praxistaugliche L\u00f6sungen. Ein Austausch f\u00fcr alle, die Biodiversit\u00e4tsschutz umsetzen wollen<\/p>\n<p><strong><span style=\"color: #112288;\">14:30 Vortrag - Update Umweltrecht [ Vortrag ]<\/span><br \/>\n<\/strong><em>Referent: RA Bernhard Schmitz, Schmitz Rechtsanw\u00e4lte<\/em><br \/>\nUmweltrelevante Regelungen zu kennen, umzusetzen und vor allem auf dem Laufenden zu bleiben, ist eine dauerhafte Aufgabe in jedem Unternehmen. Rechtsanwalt B. Schmitz ist seit vielen Jahren mit dem Umweltrecht befasst und wird die aktuellen Themen, z. B. die Auswirkung der neuen IED-Richtline oder der EU-Verpackungsverordnung vorstellen. Ganz konkret wird es im Vortrag von A. Lechner, der mit dem M\u00f6belhersteller himolla unmittelbar von der Entwaldungsrichtlinie betroffen ist.<\/p>\n<h3><strong><span style=\"color: #112288;\">16:00 Uhr Dinner Speech<\/span><\/strong><\/h3>\n<div id=\"attachment_10191\" style=\"width: 310px\" class=\"wp-caption alignleft\"><img aria-describedby=\"caption-attachment-10191\" loading=\"lazy\" decoding=\"async\" class=\"wp-image-10191 size-medium\" src=\"https:\/\/www.vnu-ev.de\/wp-content\/uploads\/2026\/02\/q_Amazonas-Kunst_c_Angela_Ponce-300x300.jpeg\" alt=\"\" width=\"300\" height=\"300\" srcset=\"https:\/\/www.vnu-ev.de\/en\/wp-content\/uploads\/2026\/02\/q_Amazonas-Kunst_c_Angela_Ponce-300x300.jpeg 300w, https:\/\/www.vnu-ev.de\/en\/wp-content\/uploads\/2026\/02\/q_Amazonas-Kunst_c_Angela_Ponce-1024x1024.jpeg 1024w, https:\/\/www.vnu-ev.de\/en\/wp-content\/uploads\/2026\/02\/q_Amazonas-Kunst_c_Angela_Ponce-150x150.jpeg 150w, https:\/\/www.vnu-ev.de\/en\/wp-content\/uploads\/2026\/02\/q_Amazonas-Kunst_c_Angela_Ponce-1536x1536.jpeg 1536w, https:\/\/www.vnu-ev.de\/en\/wp-content\/uploads\/2026\/02\/q_Amazonas-Kunst_c_Angela_Ponce-2048x2048.jpeg 2048w, https:\/\/www.vnu-ev.de\/en\/wp-content\/uploads\/2026\/02\/q_Amazonas-Kunst_c_Angela_Ponce-500x500.jpeg 500w, https:\/\/www.vnu-ev.de\/en\/wp-content\/uploads\/2026\/02\/q_Amazonas-Kunst_c_Angela_Ponce-400x400.jpeg 400w\" sizes=\"auto, (max-width: 300px) 100vw, 300px\" \/><p id=\"caption-attachment-10191\" class=\"wp-caption-text\">Dr. Barbara Oosterwijk, 42, scans the rock art of the Serrania de La Lindosa, Guaviare, Colombia.<\/p><\/div>\n<div id=\"attachment_10192\" style=\"width: 310px\" class=\"wp-caption alignleft\"><img aria-describedby=\"caption-attachment-10192\" loading=\"lazy\" decoding=\"async\" class=\"wp-image-10192 size-medium\" src=\"https:\/\/www.vnu-ev.de\/wp-content\/uploads\/2026\/02\/q_Portrait_Lars_Abromeit-300x300.jpg\" alt=\"\" width=\"300\" height=\"300\" srcset=\"https:\/\/www.vnu-ev.de\/en\/wp-content\/uploads\/2026\/02\/q_Portrait_Lars_Abromeit-300x300.jpg 300w, https:\/\/www.vnu-ev.de\/en\/wp-content\/uploads\/2026\/02\/q_Portrait_Lars_Abromeit-1024x1024.jpg 1024w, https:\/\/www.vnu-ev.de\/en\/wp-content\/uploads\/2026\/02\/q_Portrait_Lars_Abromeit-150x150.jpg 150w, https:\/\/www.vnu-ev.de\/en\/wp-content\/uploads\/2026\/02\/q_Portrait_Lars_Abromeit-500x500.jpg 500w, https:\/\/www.vnu-ev.de\/en\/wp-content\/uploads\/2026\/02\/q_Portrait_Lars_Abromeit-400x400.jpg 400w, https:\/\/www.vnu-ev.de\/en\/wp-content\/uploads\/2026\/02\/q_Portrait_Lars_Abromeit.jpg 1318w\" sizes=\"auto, (max-width: 300px) 100vw, 300px\" \/><p id=\"caption-attachment-10192\" class=\"wp-caption-text\">GEO staff writer - Lars Abromeit at work on assignment exploring caves on the Sarisarin\u0303ama Tepui in Venezuela<\/p><\/div>\n<p><strong>Bis an den Rand der Welt \u2013Expeditionen vom Regenwald bis zur Tiefsee<\/strong><\/p>\n<p>Ein Tauchgang in ewige Finsternis, 1.000 Meter tief im Atlantik.\u00a0 Ein Vorsto\u00df in Eish\u00f6hlen, die noch niemals ein Mensch betreten hat. Eine Reise zu Felszeichnungen im Amazonasbecken, die uns den \u201eUrwald\u201c in neuem Licht sehen lassen:<\/p>\n<p><strong>Lars Abromeit<\/strong> erkundet seit Jahren als Wissenschaftsjournalist die Extremgebiete der Erde, begleitet als Reporter und Filmemacher Naturschutz- und Forschungsexpeditionen und berichtet \u00fcber die Bindung des Menschen an die Natur.\u00a0In seiner Keynote nimmt er uns mit ins Unbekannte: Mit spektakul\u00e4ren Bildern und pers\u00f6nlichen Anekdoten von seinen Reisen stellt er unglaubliche Wunder der Erde vor, weist auf ihre Bedrohungen hin und inspiriert dazu, sie f\u00fcr die Zukunft zu sch\u00fctzen. Ein packender Vortrag, der uns vor Augen f\u00fchrt, wie viel es auf unserem Heimatplaneten noch zu entdecken und zu bewahren gibt.<\/p>\n<p>Geboren 1974 in Berlin, hat Lars Abromeit Rechtswissenschaften und Biologie studiert, die Henri-Nannen-Journalistenschule in Hamburg und die Internationale Filmschule in K\u00f6ln besucht. Seit 2002 ist er als Reporter beim Magazin GEO, seit 2006 dort f\u00fcr \u201eAbenteuer und Expeditionen\u201c verantwortlich. Als freier Dokumentarfilmautor und -regisseur arbeitet er vor allem f\u00fcr die ARD, das ZDF und ARTE. F\u00fcr seine Geschichten wurde Lars Abromeit vielfach ausgezeichnet, unter anderem mit dem \u201eHenri-Nannen-Preis\u201c und dem \u201eCNN Journalist of the Year\u201c-Award.<\/p>\n<h2>B\u00fcchertisch<\/h2>\n<p>Lars Abromeit hatte zwei seiner B\u00fccher mitgebracht und die Teilnehmerinnen und Teilnehmer konnten vor Ort signierte Exemplare erwerben.<\/p>\n<ul>\n<li><strong>Bis an den Rand der Welt (Lars Abromeit)<\/strong><br \/>\nSpannende Expeditionsreportagen und spektakul\u00e4re Naturfotografie<br \/>\n[ <a href=\"https:\/\/www.vnu-ev.de\/?s2member_file_download=\/access-s2member-level1\/Aufz\/2026\/260324_UNT_Buch_Abromeit.pdf\">Pr\u00e4sentation am B\u00fcchertisch<\/a> ]<\/li>\n<li><strong>HORIZONTE - Warum wir Entdecken (Ablexander Gerst, Lars Abromeit)\u00a0<\/strong><br \/>\nBildband mit spektakul\u00e4ren Fotos von ESA-Astronaut Alexander Gerst.<br \/>\nExklusive Einsichten und Berichte des ISS Kommandanten<br \/>\n[ <a href=\"https:\/\/www.vnu-ev.de\/?s2member_file_download=\/access-s2member-level1\/Aufz\/2026\/260324_UNT_Buch_Gerst_Abromeit.pdf\">Pr\u00e4sentation am B\u00fcchertisch<\/a> ]<\/li>\n<\/ul>\n<h2>17:00 Uhr Get-together<\/h2>\n<p>Mit einem Snack und Getr\u00e4nken f\u00fchrten alle die Diskussionen weiter und lie\u00dfen den Tag gegen 18:30 Uhr gesellig ausklingen.<\/p>\n<h2>Bildergalerie<\/h2>\n<h2><img loading=\"lazy\" decoding=\"async\" class=\"wp-image-10369 size-medium alignleft\" src=\"https:\/\/www.vnu-ev.de\/wp-content\/uploads\/2026\/03\/260324_Riedel2-300x300.jpg\" alt=\"\" width=\"300\" height=\"300\" srcset=\"https:\/\/www.vnu-ev.de\/en\/wp-content\/uploads\/2026\/03\/260324_Riedel2-300x300.jpg 300w, https:\/\/www.vnu-ev.de\/en\/wp-content\/uploads\/2026\/03\/260324_Riedel2-150x150.jpg 150w, https:\/\/www.vnu-ev.de\/en\/wp-content\/uploads\/2026\/03\/260324_Riedel2-500x500.jpg 500w, https:\/\/www.vnu-ev.de\/en\/wp-content\/uploads\/2026\/03\/260324_Riedel2-400x400.jpg 400w, https:\/\/www.vnu-ev.de\/en\/wp-content\/uploads\/2026\/03\/260324_Riedel2.jpg 827w\" sizes=\"auto, (max-width: 300px) 100vw, 300px\" \/> <img loading=\"lazy\" decoding=\"async\" class=\"alignleft wp-image-10368 size-medium\" src=\"https:\/\/www.vnu-ev.de\/wp-content\/uploads\/2026\/03\/260324_Riedel_1-300x300.jpg\" alt=\"\" width=\"300\" height=\"300\" srcset=\"https:\/\/www.vnu-ev.de\/en\/wp-content\/uploads\/2026\/03\/260324_Riedel_1-300x300.jpg 300w, https:\/\/www.vnu-ev.de\/en\/wp-content\/uploads\/2026\/03\/260324_Riedel_1-150x150.jpg 150w, https:\/\/www.vnu-ev.de\/en\/wp-content\/uploads\/2026\/03\/260324_Riedel_1-500x500.jpg 500w, https:\/\/www.vnu-ev.de\/en\/wp-content\/uploads\/2026\/03\/260324_Riedel_1-400x400.jpg 400w, https:\/\/www.vnu-ev.de\/en\/wp-content\/uploads\/2026\/03\/260324_Riedel_1.jpg 827w\" sizes=\"auto, (max-width: 300px) 100vw, 300px\" \/><img loading=\"lazy\" decoding=\"async\" class=\"alignleft wp-image-10360 size-medium\" src=\"https:\/\/www.vnu-ev.de\/wp-content\/uploads\/2026\/03\/260324_Alle-300x300.jpg\" alt=\"\" width=\"300\" height=\"300\" srcset=\"https:\/\/www.vnu-ev.de\/en\/wp-content\/uploads\/2026\/03\/260324_Alle-300x300.jpg 300w, https:\/\/www.vnu-ev.de\/en\/wp-content\/uploads\/2026\/03\/260324_Alle-150x150.jpg 150w, https:\/\/www.vnu-ev.de\/en\/wp-content\/uploads\/2026\/03\/260324_Alle-500x500.jpg 500w, https:\/\/www.vnu-ev.de\/en\/wp-content\/uploads\/2026\/03\/260324_Alle-400x400.jpg 400w, https:\/\/www.vnu-ev.de\/en\/wp-content\/uploads\/2026\/03\/260324_Alle.jpg 827w\" sizes=\"auto, (max-width: 300px) 100vw, 300px\" \/><\/h2>\n<h2 data-wp-editing=\"1\"><img loading=\"lazy\" decoding=\"async\" class=\"alignleft wp-image-10366 size-medium\" src=\"https:\/\/www.vnu-ev.de\/wp-content\/uploads\/2026\/03\/260324_Remmele1-300x300.jpg\" alt=\"\" width=\"300\" height=\"300\" srcset=\"https:\/\/www.vnu-ev.de\/en\/wp-content\/uploads\/2026\/03\/260324_Remmele1-300x300.jpg 300w, https:\/\/www.vnu-ev.de\/en\/wp-content\/uploads\/2026\/03\/260324_Remmele1-150x150.jpg 150w, https:\/\/www.vnu-ev.de\/en\/wp-content\/uploads\/2026\/03\/260324_Remmele1-500x500.jpg 500w, https:\/\/www.vnu-ev.de\/en\/wp-content\/uploads\/2026\/03\/260324_Remmele1-400x400.jpg 400w, https:\/\/www.vnu-ev.de\/en\/wp-content\/uploads\/2026\/03\/260324_Remmele1.jpg 827w\" sizes=\"auto, (max-width: 300px) 100vw, 300px\" \/> <img loading=\"lazy\" decoding=\"async\" class=\"alignleft wp-image-10367 size-medium\" src=\"https:\/\/www.vnu-ev.de\/wp-content\/uploads\/2026\/03\/260324_Remmele2-300x300.jpg\" alt=\"\" width=\"300\" height=\"300\" srcset=\"https:\/\/www.vnu-ev.de\/en\/wp-content\/uploads\/2026\/03\/260324_Remmele2-300x300.jpg 300w, https:\/\/www.vnu-ev.de\/en\/wp-content\/uploads\/2026\/03\/260324_Remmele2-150x150.jpg 150w, https:\/\/www.vnu-ev.de\/en\/wp-content\/uploads\/2026\/03\/260324_Remmele2-500x500.jpg 500w, https:\/\/www.vnu-ev.de\/en\/wp-content\/uploads\/2026\/03\/260324_Remmele2-400x400.jpg 400w, https:\/\/www.vnu-ev.de\/en\/wp-content\/uploads\/2026\/03\/260324_Remmele2.jpg 827w\" sizes=\"auto, (max-width: 300px) 100vw, 300px\" \/><\/h2>\n<h2><img loading=\"lazy\" decoding=\"async\" class=\"alignleft wp-image-10373 size-medium\" src=\"https:\/\/www.vnu-ev.de\/wp-content\/uploads\/2026\/03\/260324_Woerner2-300x300.jpg\" alt=\"\" width=\"300\" height=\"300\" srcset=\"https:\/\/www.vnu-ev.de\/en\/wp-content\/uploads\/2026\/03\/260324_Woerner2-300x300.jpg 300w, https:\/\/www.vnu-ev.de\/en\/wp-content\/uploads\/2026\/03\/260324_Woerner2-150x150.jpg 150w, https:\/\/www.vnu-ev.de\/en\/wp-content\/uploads\/2026\/03\/260324_Woerner2-500x500.jpg 500w, https:\/\/www.vnu-ev.de\/en\/wp-content\/uploads\/2026\/03\/260324_Woerner2-400x400.jpg 400w, https:\/\/www.vnu-ev.de\/en\/wp-content\/uploads\/2026\/03\/260324_Woerner2.jpg 827w\" sizes=\"auto, (max-width: 300px) 100vw, 300px\" \/> <img loading=\"lazy\" decoding=\"async\" class=\"alignleft wp-image-10372 size-medium\" src=\"https:\/\/www.vnu-ev.de\/wp-content\/uploads\/2026\/03\/260324_Woerner1-300x300.jpg\" alt=\"\" width=\"300\" height=\"300\" srcset=\"https:\/\/www.vnu-ev.de\/en\/wp-content\/uploads\/2026\/03\/260324_Woerner1-300x300.jpg 300w, https:\/\/www.vnu-ev.de\/en\/wp-content\/uploads\/2026\/03\/260324_Woerner1-150x150.jpg 150w, https:\/\/www.vnu-ev.de\/en\/wp-content\/uploads\/2026\/03\/260324_Woerner1-500x500.jpg 500w, https:\/\/www.vnu-ev.de\/en\/wp-content\/uploads\/2026\/03\/260324_Woerner1-400x400.jpg 400w, https:\/\/www.vnu-ev.de\/en\/wp-content\/uploads\/2026\/03\/260324_Woerner1.jpg 827w\" sizes=\"auto, (max-width: 300px) 100vw, 300px\" \/><\/h2>\n<h2><img loading=\"lazy\" decoding=\"async\" class=\"alignleft wp-image-10363 size-medium\" src=\"https:\/\/www.vnu-ev.de\/wp-content\/uploads\/2026\/03\/260324_Pause2-300x300.jpg\" alt=\"\" width=\"300\" height=\"300\" srcset=\"https:\/\/www.vnu-ev.de\/en\/wp-content\/uploads\/2026\/03\/260324_Pause2-300x300.jpg 300w, https:\/\/www.vnu-ev.de\/en\/wp-content\/uploads\/2026\/03\/260324_Pause2-150x150.jpg 150w, https:\/\/www.vnu-ev.de\/en\/wp-content\/uploads\/2026\/03\/260324_Pause2-500x500.jpg 500w, https:\/\/www.vnu-ev.de\/en\/wp-content\/uploads\/2026\/03\/260324_Pause2-400x400.jpg 400w, https:\/\/www.vnu-ev.de\/en\/wp-content\/uploads\/2026\/03\/260324_Pause2.jpg 827w\" sizes=\"auto, (max-width: 300px) 100vw, 300px\" \/><\/h2>\n<h2><img loading=\"lazy\" decoding=\"async\" class=\"alignleft wp-image-10362 size-medium\" src=\"https:\/\/www.vnu-ev.de\/wp-content\/uploads\/2026\/03\/260324_Pause1-300x300.jpg\" alt=\"\" width=\"300\" height=\"300\" srcset=\"https:\/\/www.vnu-ev.de\/en\/wp-content\/uploads\/2026\/03\/260324_Pause1-300x300.jpg 300w, https:\/\/www.vnu-ev.de\/en\/wp-content\/uploads\/2026\/03\/260324_Pause1-150x150.jpg 150w, https:\/\/www.vnu-ev.de\/en\/wp-content\/uploads\/2026\/03\/260324_Pause1-500x500.jpg 500w, https:\/\/www.vnu-ev.de\/en\/wp-content\/uploads\/2026\/03\/260324_Pause1-400x400.jpg 400w, https:\/\/www.vnu-ev.de\/en\/wp-content\/uploads\/2026\/03\/260324_Pause1.jpg 827w\" sizes=\"auto, (max-width: 300px) 100vw, 300px\" \/><\/h2>\n<h2><img loading=\"lazy\" decoding=\"async\" class=\"alignleft wp-image-10365 size-medium\" src=\"https:\/\/www.vnu-ev.de\/wp-content\/uploads\/2026\/03\/260324_Podium2-300x300.jpg\" alt=\"\" width=\"300\" height=\"300\" srcset=\"https:\/\/www.vnu-ev.de\/en\/wp-content\/uploads\/2026\/03\/260324_Podium2-300x300.jpg 300w, https:\/\/www.vnu-ev.de\/en\/wp-content\/uploads\/2026\/03\/260324_Podium2-150x150.jpg 150w, https:\/\/www.vnu-ev.de\/en\/wp-content\/uploads\/2026\/03\/260324_Podium2-500x500.jpg 500w, https:\/\/www.vnu-ev.de\/en\/wp-content\/uploads\/2026\/03\/260324_Podium2-400x400.jpg 400w, https:\/\/www.vnu-ev.de\/en\/wp-content\/uploads\/2026\/03\/260324_Podium2.jpg 827w\" sizes=\"auto, (max-width: 300px) 100vw, 300px\" \/><img loading=\"lazy\" decoding=\"async\" class=\"alignleft wp-image-10364 size-medium\" src=\"https:\/\/www.vnu-ev.de\/wp-content\/uploads\/2026\/03\/260324_Podium1-300x300.jpg\" alt=\"\" width=\"300\" height=\"300\" srcset=\"https:\/\/www.vnu-ev.de\/en\/wp-content\/uploads\/2026\/03\/260324_Podium1-300x300.jpg 300w, https:\/\/www.vnu-ev.de\/en\/wp-content\/uploads\/2026\/03\/260324_Podium1-150x150.jpg 150w, https:\/\/www.vnu-ev.de\/en\/wp-content\/uploads\/2026\/03\/260324_Podium1-500x500.jpg 500w, https:\/\/www.vnu-ev.de\/en\/wp-content\/uploads\/2026\/03\/260324_Podium1-400x400.jpg 400w, https:\/\/www.vnu-ev.de\/en\/wp-content\/uploads\/2026\/03\/260324_Podium1.jpg 827w\" sizes=\"auto, (max-width: 300px) 100vw, 300px\" \/><\/h2>\n<h2><img loading=\"lazy\" decoding=\"async\" class=\"alignleft wp-image-10371 size-medium\" src=\"https:\/\/www.vnu-ev.de\/wp-content\/uploads\/2026\/03\/260324_Schmitz2-300x300.jpg\" alt=\"\" width=\"300\" height=\"300\" srcset=\"https:\/\/www.vnu-ev.de\/en\/wp-content\/uploads\/2026\/03\/260324_Schmitz2-300x300.jpg 300w, https:\/\/www.vnu-ev.de\/en\/wp-content\/uploads\/2026\/03\/260324_Schmitz2-150x150.jpg 150w, https:\/\/www.vnu-ev.de\/en\/wp-content\/uploads\/2026\/03\/260324_Schmitz2-500x500.jpg 500w, https:\/\/www.vnu-ev.de\/en\/wp-content\/uploads\/2026\/03\/260324_Schmitz2-400x400.jpg 400w, https:\/\/www.vnu-ev.de\/en\/wp-content\/uploads\/2026\/03\/260324_Schmitz2.jpg 827w\" sizes=\"auto, (max-width: 300px) 100vw, 300px\" \/><img loading=\"lazy\" decoding=\"async\" class=\"alignleft wp-image-10370 size-medium\" src=\"https:\/\/www.vnu-ev.de\/wp-content\/uploads\/2026\/03\/260324_Schmitz1-300x300.jpg\" alt=\"\" width=\"300\" height=\"300\" srcset=\"https:\/\/www.vnu-ev.de\/en\/wp-content\/uploads\/2026\/03\/260324_Schmitz1-300x300.jpg 300w, https:\/\/www.vnu-ev.de\/en\/wp-content\/uploads\/2026\/03\/260324_Schmitz1-150x150.jpg 150w, https:\/\/www.vnu-ev.de\/en\/wp-content\/uploads\/2026\/03\/260324_Schmitz1-500x500.jpg 500w, https:\/\/www.vnu-ev.de\/en\/wp-content\/uploads\/2026\/03\/260324_Schmitz1-400x400.jpg 400w, https:\/\/www.vnu-ev.de\/en\/wp-content\/uploads\/2026\/03\/260324_Schmitz1.jpg 827w\" sizes=\"auto, (max-width: 300px) 100vw, 300px\" \/><\/h2>\n<p><img loading=\"lazy\" decoding=\"async\" class=\"alignleft wp-image-10361 size-medium\" src=\"https:\/\/www.vnu-ev.de\/wp-content\/uploads\/2026\/03\/260324_Heimer-300x300.jpg\" alt=\"\" width=\"300\" height=\"300\" srcset=\"https:\/\/www.vnu-ev.de\/en\/wp-content\/uploads\/2026\/03\/260324_Heimer-300x300.jpg 300w, https:\/\/www.vnu-ev.de\/en\/wp-content\/uploads\/2026\/03\/260324_Heimer-150x150.jpg 150w, https:\/\/www.vnu-ev.de\/en\/wp-content\/uploads\/2026\/03\/260324_Heimer-500x500.jpg 500w, https:\/\/www.vnu-ev.de\/en\/wp-content\/uploads\/2026\/03\/260324_Heimer-400x400.jpg 400w, https:\/\/www.vnu-ev.de\/en\/wp-content\/uploads\/2026\/03\/260324_Heimer.jpg 827w\" sizes=\"auto, (max-width: 300px) 100vw, 300px\" \/><\/p>\n<h2>Feedback \/ Dokumentation<\/h2>\n<p>- Die freigegebenen Vortr\u00e4ge werden den Teilnehmenden nach der Veranstaltung zur Verf\u00fcgung gestellt.<br \/>\n- VNU-Mitglieder k\u00f6nnen sie alternativ hier \u00fcber die VNU-Homepage (Intranet-Zugang) abrufen.<br \/>\n- Teilnahmebescheinigungen erhalten die Anwesenden als PDF-Dokument per eMail.<\/p>\n<p>Bei Fragen wenden Sie sich bitte an Frau<\/p>\n<h2><\/h2>\n<p><a href=\"mailto:C.Geiger@vnu-ev.de\" target=\"_blank\" rel=\"noopener\">Christina Geig<\/a><img loading=\"lazy\" decoding=\"async\" class=\"alignleft wp-image-10359 size-medium\" src=\"https:\/\/www.vnu-ev.de\/wp-content\/uploads\/2026\/03\/260324_Abromeit2-300x300.jpg\" alt=\"\" width=\"300\" height=\"300\" srcset=\"https:\/\/www.vnu-ev.de\/en\/wp-content\/uploads\/2026\/03\/260324_Abromeit2-300x300.jpg 300w, https:\/\/www.vnu-ev.de\/en\/wp-content\/uploads\/2026\/03\/260324_Abromeit2-150x150.jpg 150w, https:\/\/www.vnu-ev.de\/en\/wp-content\/uploads\/2026\/03\/260324_Abromeit2-500x500.jpg 500w, https:\/\/www.vnu-ev.de\/en\/wp-content\/uploads\/2026\/03\/260324_Abromeit2-400x400.jpg 400w, https:\/\/www.vnu-ev.de\/en\/wp-content\/uploads\/2026\/03\/260324_Abromeit2.jpg 827w\" sizes=\"auto, (max-width: 300px) 100vw, 300px\" \/><img loading=\"lazy\" decoding=\"async\" class=\"alignleft wp-image-10358 size-medium\" src=\"https:\/\/www.vnu-ev.de\/wp-content\/uploads\/2026\/03\/260324_Abromeit1-300x300.jpg\" alt=\"\" width=\"300\" height=\"300\" srcset=\"https:\/\/www.vnu-ev.de\/en\/wp-content\/uploads\/2026\/03\/260324_Abromeit1-300x300.jpg 300w, https:\/\/www.vnu-ev.de\/en\/wp-content\/uploads\/2026\/03\/260324_Abromeit1-150x150.jpg 150w, https:\/\/www.vnu-ev.de\/en\/wp-content\/uploads\/2026\/03\/260324_Abromeit1-500x500.jpg 500w, https:\/\/www.vnu-ev.de\/en\/wp-content\/uploads\/2026\/03\/260324_Abromeit1-400x400.jpg 400w, https:\/\/www.vnu-ev.de\/en\/wp-content\/uploads\/2026\/03\/260324_Abromeit1.jpg 827w\" sizes=\"auto, (max-width: 300px) 100vw, 300px\" \/><a href=\"mailto:C.Geiger@vnu-ev.de\" target=\"_blank\" rel=\"noopener\">er<\/a> in unsere Gesch\u00e4ftsstelle.<\/p>\n","protected":false},"excerpt":{"rendered":"<p>IHK \/ B\u00f6rse Frankfurt am Main Trends und Tools f\u00fcr die nachhaltige Unternehmensentwicklung Am Dienstag,&#8230; <a class=\"read-more\" href=\"https:\/\/www.vnu-ev.de\/en\/events\/umwelt-und-nachhaltigkeitsmanagementtag-2026\">More<\/a><\/p>\n","protected":false},"author":9,"featured_media":0,"comment_status":"closed","ping_status":"closed","sticky":false,"template":"","format":"standard","meta":{"_acf_changed":false,"footnotes":""},"categories":[240,1,226],"tags":[],"class_list":["post-6271","post","type-post","status-publish","format-standard","hentry","category-umwelt-und-nachhaltigkeitsmanagertag","category-events","category-veranstaltungen"],"acf":[],"_links":{"self":[{"href":"https:\/\/www.vnu-ev.de\/en\/wp-json\/wp\/v2\/posts\/6271","targetHints":{"allow":["GET"]}}],"collection":[{"href":"https:\/\/www.vnu-ev.de\/en\/wp-json\/wp\/v2\/posts"}],"about":[{"href":"https:\/\/www.vnu-ev.de\/en\/wp-json\/wp\/v2\/types\/post"}],"author":[{"embeddable":true,"href":"https:\/\/www.vnu-ev.de\/en\/wp-json\/wp\/v2\/users\/9"}],"replies":[{"embeddable":true,"href":"https:\/\/www.vnu-ev.de\/en\/wp-json\/wp\/v2\/comments?post=6271"}],"version-history":[{"count":9,"href":"https:\/\/www.vnu-ev.de\/en\/wp-json\/wp\/v2\/posts\/6271\/revisions"}],"predecessor-version":[{"id":6297,"href":"https:\/\/www.vnu-ev.de\/en\/wp-json\/wp\/v2\/posts\/6271\/revisions\/6297"}],"wp:attachment":[{"href":"https:\/\/www.vnu-ev.de\/en\/wp-json\/wp\/v2\/media?parent=6271"}],"wp:term":[{"taxonomy":"category","embeddable":true,"href":"https:\/\/www.vnu-ev.de\/en\/wp-json\/wp\/v2\/categories?post=6271"},{"taxonomy":"post_tag","embeddable":true,"href":"https:\/\/www.vnu-ev.de\/en\/wp-json\/wp\/v2\/tags?post=6271"}],"curies":[{"name":"wp","href":"https:\/\/api.w.org\/{rel}","templated":true}]}}