{"id":959,"date":"2016-03-23T11:54:33","date_gmt":"2016-03-23T10:54:33","guid":{"rendered":"https:\/\/www.vnu-ev.de\/?p=959"},"modified":"2020-03-12T15:03:19","modified_gmt":"2020-03-12T14:03:19","slug":"mitgliederversammlung-2017","status":"publish","type":"post","link":"https:\/\/www.vnu-ev.de\/en\/events\/mitgliederversammlung-2017","title":{"rendered":"Mitgliederversammlung 2017"},"content":{"rendered":"<p style=\"text-align: left\">Die Jahres-Mitglieder-Versammlung findet 'traditionell' vor dem <a href=\"https:\/\/www.vnu-ev.de\/veranstaltungen\/umwelt-und-nachhaltigkeitsmanagertag-2017\" target=\"_blank\" rel=\"noopener noreferrer\">Umwelt- und Nachhaltigkeitsmanagertag<\/a> in der IHK Frankfurt am Main statt. Das Einladungsschreiben sowie die Tagesordnung sind per Post am 22. Februar 2017 an alle Mitglieder verschickt worden.<\/p>\n<p style=\"text-align: left\">Folgende Beratungs-Unterlagen stehen derzeit zur Verf\u00fcgung (laufende Aktualisierung).<br \/>\nHierzu ist Ihr Log-In erforderlich.<\/p>\n<ol>\n<li style=\"text-align: left\">Begr\u00fc\u00dfung, Wahl des\/der Protokollf\u00fchrers\/in (M. Friebel)<\/li>\n<li style=\"text-align: left\">Genehmigung des [ <a href=\"https:\/\/www.vnu-ev.de\/?s2member_file_download=\/access-s2member-level1\/Aufz\/2017\/170323_T02_MV_Protokoll_2016.pdf\" target=\"_blank\" rel=\"noopener noreferrer\">Protokoll<\/a>\u00a0] der Mitgliederversammlung 2016 (M. Friebel)<\/li>\n<li style=\"text-align: left\">Genehmigung der Tagesordnung f\u00fcr den 23. M\u00e4rz 2017 (M. Friebel)<\/li>\n<li style=\"text-align: left\">Rechenschaftsberichte von\u00a0Matthias Friebel [ <a href=\"https:\/\/www.vnu-ev.de\/?s2member_file_download=\/access-s2member-level1\/Aufz\/2017\/170323_T04_a_Bericht_Friebel.pdf\" target=\"_blank\" rel=\"noopener noreferrer\">Bericht<\/a> ] und\u00a0Bettina Heimer [ <a href=\"https:\/\/www.vnu-ev.de\/?s2member_file_download=\/access-s2member-level1\/Aufz\/2017\/170323_T04_b_Bericht_Heimer.pdf\" target=\"_blank\" rel=\"noopener noreferrer\">Bericht<\/a> ]<\/li>\n<li style=\"text-align: left\">Ressortleiter und Aktivit\u00e4ten der Ressorts (H. Pflock)<\/li>\n<li style=\"text-align: left\">Bericht \u00fcber den EMAS Club Europe (L. Schleicher)<\/li>\n<li style=\"text-align: left\">[ <a href=\"https:\/\/www.vnu-ev.de\/?s2member_file_download=\/access-s2member-level1\/Aufz\/2017\/170323_T07_Bericht_Beirat.pdf\" target=\"_blank\" rel=\"noopener noreferrer\">Bericht<\/a> ] des Beirats (Prof. Dr. E. K. Seifert)<\/li>\n<li style=\"text-align: left\">Jahresabschluss 2016 [ <a href=\"https:\/\/www.vnu-ev.de\/?s2member_file_download=\/access-s2member-level1\/Aufz\/2017\/170323_T08_Abschluss_2016.pdf\">Abschluss<\/a> ] \/ Finanzbericht [\u00a0<a href=\"https:\/\/www.vnu-ev.de\/?s2member_file_download=\/access-s2member-level1\/Aufz\/2017\/170323_T08_Finanzbericht.pdf\">Bericht<\/a> ] (B. Heimer)<\/li>\n<li style=\"text-align: left\">Bericht der Kassenpr\u00fcfer (A. v. Saldern, P. Bahlert)<\/li>\n<li style=\"text-align: left\">Entlastung des Vorstands<\/li>\n<li style=\"text-align: left\">Nachwahl zum Vorstand<\/li>\n<li style=\"text-align: left\">Wahl der Kassenpr\u00fcfer (M. Knief, M. Schneider)<\/li>\n<li style=\"text-align: left\">Haushaltsplan 2017 \u00a0[\u00a0<a href=\"https:\/\/www.vnu-ev.de\/?s2member_file_download=\/access-s2member-level1\/Aufz\/2017\/170323_T13_Haushalt_2017.pdf\">Haushaltsplan<\/a> ] (B. Heimer)<\/li>\n<li style=\"text-align: left\">Verschiedenes<\/li>\n<\/ol>\n<p style=\"text-align: left\">Bitte nutzen Sie die <a href=\"https:\/\/www.vnu-ev.de\/wp-content\/uploads\/2017\/02\/170323_UNT_MV_Anmeldung.pdf\" target=\"_blank\" rel=\"noopener noreferrer\">Anmeldung<\/a> auch wenn Sie nicht kommen k\u00f6nnen, aber z. B. ge\u00e4nderte Kontaktdaten mitteilen m\u00f6chten.\u00a0 Vielen Dank!<\/p>\n<p style=\"text-align: left\">Am Nachmittag schlie\u00dft sich der <a href=\"https:\/\/www.vnu-ev.de\/veranstaltungen\/umwelt-und-nachhaltigkeitsmanagertag-2017\" target=\"_blank\" rel=\"noopener noreferrer\">Umwelt- und Nachhaltigkeitsmanagertag<\/a> an, zu dem wir alle Interessierten herzlich einladen. Es erwarten Sie Vortr\u00e4ge und Diskussionen zu den Themen Ethik und Nachhaltigkeit, Klimaschutz, Emissionshandel, Cradle-to-Cradle und die Mobililt\u00e4t f\u00fcr morgen.<\/p>\n","protected":false},"excerpt":{"rendered":"<p>Die Jahres-Mitglieder-Versammlung findet &#8216;traditionell&#8217; vor dem Umwelt- und Nachhaltigkeitsmanagertag in der IHK Frankfurt am Main&#8230; <a class=\"read-more\" href=\"https:\/\/www.vnu-ev.de\/en\/events\/mitgliederversammlung-2017\">More<\/a><\/p>\n","protected":false},"author":118,"featured_media":0,"comment_status":"closed","ping_status":"closed","sticky":false,"template":"","format":"standard","meta":{"_acf_changed":false,"footnotes":""},"categories":[238,9,1,226],"tags":[],"class_list":["post-959","post","type-post","status-publish","format-standard","hentry","category-mitgliederversammlung","category-top-event","category-events","category-veranstaltungen"],"acf":[],"_links":{"self":[{"href":"https:\/\/www.vnu-ev.de\/en\/wp-json\/wp\/v2\/posts\/959","targetHints":{"allow":["GET"]}}],"collection":[{"href":"https:\/\/www.vnu-ev.de\/en\/wp-json\/wp\/v2\/posts"}],"about":[{"href":"https:\/\/www.vnu-ev.de\/en\/wp-json\/wp\/v2\/types\/post"}],"author":[{"embeddable":true,"href":"https:\/\/www.vnu-ev.de\/en\/wp-json\/wp\/v2\/users\/118"}],"replies":[{"embeddable":true,"href":"https:\/\/www.vnu-ev.de\/en\/wp-json\/wp\/v2\/comments?post=959"}],"version-history":[{"count":1,"href":"https:\/\/www.vnu-ev.de\/en\/wp-json\/wp\/v2\/posts\/959\/revisions"}],"predecessor-version":[{"id":5016,"href":"https:\/\/www.vnu-ev.de\/en\/wp-json\/wp\/v2\/posts\/959\/revisions\/5016"}],"wp:attachment":[{"href":"https:\/\/www.vnu-ev.de\/en\/wp-json\/wp\/v2\/media?parent=959"}],"wp:term":[{"taxonomy":"category","embeddable":true,"href":"https:\/\/www.vnu-ev.de\/en\/wp-json\/wp\/v2\/categories?post=959"},{"taxonomy":"post_tag","embeddable":true,"href":"https:\/\/www.vnu-ev.de\/en\/wp-json\/wp\/v2\/tags?post=959"}],"curies":[{"name":"wp","href":"https:\/\/api.w.org\/{rel}","templated":true}]}}