{"id":967,"date":"2016-12-16T00:00:11","date_gmt":"2016-12-15T23:00:11","guid":{"rendered":"https:\/\/www.vnu-ev.de\/?p=967"},"modified":"2016-12-16T00:00:11","modified_gmt":"2016-12-15T23:00:11","slug":"symposium-nachhaltigkeitsmanagement-2017","status":"publish","type":"post","link":"https:\/\/www.vnu-ev.de\/en\/top-event\/symposium-nachhaltigkeitsmanagement-2017","title":{"rendered":"Symposium Nachhaltigkeitsmanagement 2017"},"content":{"rendered":"<p><img loading=\"lazy\" decoding=\"async\" class=\"alignleft wp-image-916 size-full\" src=\"https:\/\/www.vnu-ev.de\/wp-content\/uploads\/2016\/10\/VNU_Logo_300_px_gro\u00df-e1493302837619.jpg\" alt=\"VNU e.V.\" width=\"288\" height=\"200\" \/><\/p>\n<h3><strong>VNU Symposium Nachhaltigkeitsmanagement 2017<\/strong><\/h3>\n<p>wir laden Sie hiermit herzlich zum diesj\u00e4hrigen Symposium nach Erlangen ein, das in den R\u00e4umlichkeiten der Siemens Healthineers stattfinden wird. Zwischen 10.00 und 16:30 Uhr erwarten Sie ein Programm mit Vortr\u00e4gen und einer Podiumsdiskussion rund um die aktuellen Themen des Nachhaltigkeitsmanagements. Wir freuen uns auf Ihren Besuch.<\/p>\n<h3><strong>Programm<\/strong><\/h3>\n<p><strong>Begr\u00fc\u00dfung<br \/>\n<\/strong>Dr. Freimut Schr\u00f6der, Siemens Healthineers, Erlangen<br \/>\n<a href=\"https:\/\/www.vnu-ev.de\/mitglieder\/bettina-heimer\">Bettina Heimer<\/a>, stellvertretende Vorsitzende des VNU Vorstands, Bochum<\/p>\n<p><strong>Nachhaltigkeit als Managementaufgabe<\/strong>\u00a0[\u00a0<a href=\"https:\/\/www.vnu-ev.de\/?s2member_file_download=\/access-s2member-level1\/Aufz\/2017\/170629_VNU_Symposium_Braun_Handout.pdf\" target=\"_blank\" rel=\"noopener noreferrer\">Vortrag zum Download<\/a>\u00a0]<br \/>\nNachhaltigkeit im Kontext von EMAS, OHSAS 18001 \/ ISO 45001, SA 8000, ISO 26000, etc.<br \/>\n<a href=\"https:\/\/www.vnu-ev.de\/mitglieder\/gisbert-braun\">Gisbert Braun<\/a>, T\u00dcV Rheinland Akademie, N\u00fcrnberg<\/p>\n<p><strong>Umsetzung der EU-CSR-Richtlinie\u00a0<\/strong>[\u00a0<a href=\"https:\/\/www.vnu-ev.de\/?s2member_file_download=\/access-s2member-level1\/Aufz\/2017\/170629_VNU_Symposium_Fifka_Handout.pdf\" target=\"_blank\" rel=\"noopener noreferrer\">Vortrag zum Download<\/a>\u00a0]<strong><br \/>\n<\/strong>Prof. Dr. Matthias Fifka, Universit\u00e4t Erlangen-N\u00fcrnberg<\/p>\n<p><strong>Nachhaltigkeit \/ CSR in der Praxis<br \/>\n<\/strong>Impulsvortr\u00e4ge von Unternehmen<\/p>\n<ol>\n<li><strong>Coca-Cola European Partners Deutschland GmbH\u00a0<\/strong>[ <a href=\"https:\/\/www.vnu-ev.de\/?s2member_file_download=\/access-s2member-level1\/Aufz\/2017\/170629_VNU_Symposium_Bachmann_Handout.pdf\" target=\"_blank\" rel=\"noopener noreferrer\">Vortrag zum Download<\/a>\u00a0]<br \/>\nAxel Bachmann, Gesch\u00e4ftsleiter Nachhaltigkeit<\/li>\n<li><strong>KYOCERA Document Solutions Deutschland GmbH\u00a0<\/strong>[ <a href=\"https:\/\/www.vnu-ev.de\/?s2member_file_download=\/access-s2member-level1\/Aufz\/2017\/170629_VNU_Symposium_Matysiak_Handout.pdf\" target=\"_blank\" rel=\"noopener noreferrer\">Vortrag zum Download<\/a>\u00a0]<br \/>\nDaniela Matysiak, Spezialistin CSR Management<\/li>\n<\/ol>\n<p><strong>Bewertung von Nachhaltigkeitsmanagement \/ -berichten<br \/>\n<\/strong>Podiumsdiskussion mit Repr\u00e4sentanten f\u00fcr:<\/p>\n<ol>\n<li>Konzernvertreter (Dr. Freimut Schr\u00f6der, Siemens Healthineers)<\/li>\n<li>Umweltgutachter \/ Pr\u00fcforganisationen (<a href=\"https:\/\/www.vnu-ev.de\/mitglieder\/peter-fischer\">Peter Fischer<\/a>, Umweltgutachter)<\/li>\n<li>Wirtschaftspr\u00fcfer (Annette Daschner, PricewaterhouseCoopers GmbH)<\/li>\n<li>Lehre (Prof. Dr. Fifka, Universit\u00e4t Erlangen-N\u00fcrnberg)<\/li>\n<li>DNK- \/ GRI-Anwender (Silvia Ohms, Neumarkter Lammsbr\u00e4u)<\/li>\n<\/ol>\n<p><strong>Projekt \u201eNachhaltigkeitsbericht\u201c\u00a0<\/strong>[\u00a0<a href=\"https:\/\/www.vnu-ev.de\/?s2member_file_download=\/access-s2member-level1\/Aufz\/2017\/170629_VNU_Symposium_Wagner_Handout.pdf\" target=\"_blank\" rel=\"noopener noreferrer\">Vortrag zum Download<\/a>\u00a0]<br \/>\nProjektsteuerung, Personalbeteiligung, Kommunikation - ein\u00a0Erfahrungsbericht<br \/>\nThomas Wagner, akzente kommunikation und beratung gmbh,\u00a0M\u00fcnchen<\/p>\n<p><strong>Vergleich der Berichtsstandards GRI \/ DNK\u00a0<\/strong>[\u00a0<a href=\"https:\/\/www.vnu-ev.de\/?s2member_file_download=\/access-s2member-level1\/Aufz\/2017\/170629_VNU_Symposium_Simeonov_Handout.pdf\" target=\"_blank\" rel=\"noopener noreferrer\">Vortrag zum Download<\/a>\u00a0]<br \/>\n<a href=\"https:\/\/www.vnu-ev.de\/mitglieder\/samuil-simeonov-2\">Samuil Simeonov<\/a>, cyclos future GmbH, Osnabr\u00fcck<\/p>\n<p><strong>Neue Angebote des VNU<br \/>\n<\/strong>\u00dcberblick \u00fcber die Ressorts<br \/>\n<a href=\"https:\/\/www.vnu-ev.de\/mitglieder\/matthias-friebel\">Matthias Friebel<\/a>, VNU <a href=\"https:\/\/www.vnu-ev.de\/ueber-uns\/vorstand\">Vorstand<\/a>,\u00a0 Bad Soden a. Ts.<\/p>\n<h3><strong>Anmeldeinformationen<\/strong><\/h3>\n<p>Bitte verwenden Sie das Anmeldeformular, wenn Sie zum Symposium kommen m\u00f6chten. Bei Anmeldung bis zum 01.\u00a0Juni\u00a02017 erhalten Sie einen Fr\u00fchbucher-Rabatt.\u00a0Mitglieder des VNU nehmen zus\u00e4tzlich verg\u00fcnstigt an dieser Veranstaltung teil.<\/p>\n<p>Eine Mitgliedschaft ist als Einzelperson oder f\u00fcr Unternehmen m\u00f6glich. Beide Formen der Mitgliedschaft k\u00f6nnen Sie in Form einer Schnupper-Mitgliedschaft \u00fcber 12 Monate mit allen Vorz\u00fcgen und Leistungen des Verbands testen. <a href=\"https:\/\/www.vnu-ev.de\/ueber-uns\/mitglied-werden\" target=\"_blank\" rel=\"noopener noreferrer\">Neue Mitglieder<\/a> profitieren sofort von den verg\u00fcnstigten Teilnahmegeb\u00fchren.<\/p>\n<p>&nbsp;<\/p>\n","protected":false},"excerpt":{"rendered":"<p>VNU Symposium Nachhaltigkeitsmanagement 2017 wir laden Sie hiermit herzlich zum diesj\u00e4hrigen Symposium nach Erlangen ein,&#8230; <a class=\"read-more\" href=\"https:\/\/www.vnu-ev.de\/en\/top-event\/symposium-nachhaltigkeitsmanagement-2017\">More<\/a><\/p>\n","protected":false},"author":118,"featured_media":0,"comment_status":"closed","ping_status":"closed","sticky":false,"template":"","format":"standard","meta":{"_acf_changed":false,"footnotes":""},"categories":[227,228,9,226],"tags":[24,67],"class_list":["post-967","post","type-post","status-publish","format-standard","hentry","category-nachhaltigkeitsmanagement","category-symposium-nachhaltigkeitsmanagement","category-top-event","category-veranstaltungen","tag-nachhaltigkeit","tag-nachhaltigkeitsmanagement"],"acf":[],"_links":{"self":[{"href":"https:\/\/www.vnu-ev.de\/en\/wp-json\/wp\/v2\/posts\/967","targetHints":{"allow":["GET"]}}],"collection":[{"href":"https:\/\/www.vnu-ev.de\/en\/wp-json\/wp\/v2\/posts"}],"about":[{"href":"https:\/\/www.vnu-ev.de\/en\/wp-json\/wp\/v2\/types\/post"}],"author":[{"embeddable":true,"href":"https:\/\/www.vnu-ev.de\/en\/wp-json\/wp\/v2\/users\/118"}],"replies":[{"embeddable":true,"href":"https:\/\/www.vnu-ev.de\/en\/wp-json\/wp\/v2\/comments?post=967"}],"version-history":[{"count":0,"href":"https:\/\/www.vnu-ev.de\/en\/wp-json\/wp\/v2\/posts\/967\/revisions"}],"wp:attachment":[{"href":"https:\/\/www.vnu-ev.de\/en\/wp-json\/wp\/v2\/media?parent=967"}],"wp:term":[{"taxonomy":"category","embeddable":true,"href":"https:\/\/www.vnu-ev.de\/en\/wp-json\/wp\/v2\/categories?post=967"},{"taxonomy":"post_tag","embeddable":true,"href":"https:\/\/www.vnu-ev.de\/en\/wp-json\/wp\/v2\/tags?post=967"}],"curies":[{"name":"wp","href":"https:\/\/api.w.org\/{rel}","templated":true}]}}