{"id":969,"date":"2016-09-26T09:30:50","date_gmt":"2016-09-26T07:30:50","guid":{"rendered":"https:\/\/www.vnu-ev.de\/?p=969"},"modified":"2016-09-26T09:30:50","modified_gmt":"2016-09-26T07:30:50","slug":"umweltgutachtertag-2017","status":"publish","type":"post","link":"https:\/\/www.vnu-ev.de\/en\/veranstaltungen\/umweltgutachtertag-2017","title":{"rendered":"Umweltgutachtertag 2017"},"content":{"rendered":"<h3><span style=\"color: #112299\"><strong><img loading=\"lazy\" decoding=\"async\" class=\"alignnone wp-image-2356\" src=\"https:\/\/www.vnu-ev.de\/wp-content\/uploads\/2017\/06\/IHK_Rhein_Neckar-300x129.jpg\" alt=\"\" width=\"300\" height=\"129\" srcset=\"https:\/\/www.vnu-ev.de\/en\/wp-content\/uploads\/2017\/06\/IHK_Rhein_Neckar-300x129.jpg 300w, https:\/\/www.vnu-ev.de\/en\/wp-content\/uploads\/2017\/06\/IHK_Rhein_Neckar-150x65.jpg 150w, https:\/\/www.vnu-ev.de\/en\/wp-content\/uploads\/2017\/06\/IHK_Rhein_Neckar-1024x441.jpg 1024w, https:\/\/www.vnu-ev.de\/en\/wp-content\/uploads\/2017\/06\/IHK_Rhein_Neckar.jpg 1056w\" sizes=\"auto, (max-width: 300px) 100vw, 300px\" \/>\u00a0\u00a0<img loading=\"lazy\" decoding=\"async\" class=\"alignnone wp-image-2338\" src=\"https:\/\/www.vnu-ev.de\/wp-content\/uploads\/2017\/06\/VNU_Logo_96_quer-300x300.gif\" alt=\"\" width=\"157\" height=\"157\" srcset=\"https:\/\/www.vnu-ev.de\/en\/wp-content\/uploads\/2017\/06\/VNU_Logo_96_quer-300x300.gif 300w, https:\/\/www.vnu-ev.de\/en\/wp-content\/uploads\/2017\/06\/VNU_Logo_96_quer-150x150.gif 150w, https:\/\/www.vnu-ev.de\/en\/wp-content\/uploads\/2017\/06\/VNU_Logo_96_quer-500x500.gif 500w, https:\/\/www.vnu-ev.de\/en\/wp-content\/uploads\/2017\/06\/VNU_Logo_96_quer-400x400.gif 400w\" sizes=\"auto, (max-width: 157px) 100vw, 157px\" \/>\u00a0\u00a0\u00a0<\/strong><\/span><\/h3>\n<h3><span style=\"color: #112299\"><strong>Umweltmanagementsysteme im Wandel<\/strong><\/span><\/h3>\n<p>unter diesem Motto laden wir Sie zum diesj\u00e4hrigen Umweltgutachtertag 2017 ein, der am 26. September 2017 in der IHK Rhein-Neckar in Mannheim stattfinden wird.<\/p>\n<p>Die ISO 14001 wurde \u00fcberarbeitet und die Anpassungen der Anh\u00e4nge der EMAS-Verordnung an die neue ISO 14001 sind weitgehend abgeschlossen, so dass sich alles in \u00fcblichen Bahnen zu bewegen scheint, wenn nicht innerhalb der EU das Projekt REFIT angesto\u00dfen worden w\u00e4re. Ziel dieses breit angelegten Programms ist die Verbesserung und Vereinfachung der EU-Regelungen durch Stakeholder-Dialoge und eine Bewertung in 5 Kategorien:<\/p>\n<ol>\n<li>Wirksamkeit (ob die EU-Ma\u00dfnahme ihre Ziele erreicht hat)<\/li>\n<li>Effizienz (Kosten-Nutzen-Analyse)<\/li>\n<li>Relevanz (den Bed\u00fcrfnissen der Interessentr\u00e4ger entsprechen)<\/li>\n<li>Koh\u00e4renz (wie gut das Zusammenspiel mit anderen Ma\u00dfnahmen l\u00e4uft)<\/li>\n<li>EU-Mehrwert (welchen zus\u00e4tzlichen Nutzen die Ma\u00dfnahmen bieten)<\/li>\n<\/ol>\n<p>In einer Arbeitsgruppe wurden somit auch das Umweltmanagementsystem EMAS und das ECO-Label bewertet. Die Ergebnisse wurden am 30. Juni 2017 ver\u00f6ffentlicht.<br \/>\nDas Thema \u201aAktuelles aus der EU Kommission \u00fcber EMAS\u2018 wird damit ein Hauptthema des Umweltgutachtertags sein, zu dem voraussichtlich einen Vertreter der EU Kommission berichten wird.<\/p>\n<p><span style=\"color: #112299\"><strong>Programm<\/strong><\/span><\/p>\n<ol>\n<li><strong>Begr\u00fc\u00dfung \/ Einf\u00fchrung durch die IHK Rhein-Neckar<\/strong><br \/>\nIrmgard Abt, Pr\u00e4sidentin der IHK Rhein-Neckar<br \/>\nBettina Heimer, Vorstand des VNU e. V.<\/li>\n<li><strong>Das Projekt REFIT in der EU \u2013 Ergebnisse und Auswirkungen auf EMAS\u00a0[\u00a0<a href=\"https:\/\/www.vnu-ev.de\/?s2member_file_download=\/access-s2member-level1\/Aufz\/2017\/170926_UGT_01_Paquot.pdf\" target=\"_blank\" rel=\"noopener noreferrer\">Vortrag zum Download<\/a>\u00a0]<\/strong><br \/>\nSebastien Paquot, European Commission - ENV.B1 - Sustainable Production, Products &amp; Consumption (englischer Vortrag)<\/li>\n<li><strong>Mit EMAS mehr Nachhaltigkeit wagen \u2013 Mehrwert durch EMAS\u00a0[\u00a0<a href=\"https:\/\/www.vnu-ev.de\/?s2member_file_download=\/access-s2member-level1\/Aufz\/2017\/170926_UGT_03_Schoennenbeck.pdf\" target=\"_blank\" rel=\"noopener noreferrer\">Vortrag zum Download<\/a>\u00a0]<\/strong><br \/>\nDr. Marianne Sch\u00f6nnenbeck, Vorsitzende des Umweltgutachterausschusses im BMUB<\/li>\n<li><strong>Unterst\u00fctzung von EMAS durch den <a href=\"http:\/\/www.uga.de\">Umweltgutachterausschuss (UGA)<\/a>\u00a0[\u00a0<a href=\"https:\/\/www.vnu-ev.de\/?s2member_file_download=\/access-s2member-level1\/Aufz\/2017\/170926_UGT_02_Zippel.pdf\" target=\"_blank\" rel=\"noopener noreferrer\">Vortrag zum Download<\/a>\u00a0]<\/strong><br \/>\nEsther Zippel, Gesch\u00e4ftsf\u00fchrerin der UGA Gesch\u00e4ftsstelle<\/li>\n<li><strong>Aktuelles von der ISO Jahrestagung zur Normenfamilie ISO 14000 ff.\u00a0[\u00a0<a href=\"https:\/\/www.vnu-ev.de\/?s2member_file_download=\/access-s2member-level1\/Aufz\/2017\/170926_UGT_04_Nibbe.pdf\" target=\"_blank\" rel=\"noopener noreferrer\">Vortrag zum Download<\/a>\u00a0]<\/strong><br \/>\nDr. Joachim Nibbe, Mitglied der deutschen Delegation des DIN<\/li>\n<li><strong>Spezifische Anforderungen, energetische Leistung und aktuelles zum Energiemanagement [\u00a0<a href=\"https:\/\/www.vnu-ev.de\/?s2member_file_download=\/access-s2member-level1\/Aufz\/2017\/170926_UGT_05_Buser.pdf\" target=\"_blank\" rel=\"noopener noreferrer\">Vortrag zum Download<\/a>\u00a0]<\/strong><br \/>\nJochen Buser, Mitglied im Sektorkomitee der DAkkS und\u00a0im \u00a0AA 8 (Energiemanagement) im DIN<\/li>\n<li><strong>Vor- und Nachteile des Multi-Site-Verfahrens f\u00fcr EMAS\u00a0<\/strong><br \/>\nModerierte Diskussion<br \/>\n- Dr. Markus Racke, DAU GmbH<br \/>\n- <a href=\"https:\/\/www.vnu-ev.de\/mitglieder\/thorsten-grantner\" target=\"_blank\" rel=\"noopener noreferrer\">Thorsten Grantner<\/a>, OmiCert Umweltgutachter GmbH<br \/>\n- Marcel Vinkelau, Ernsting's family<\/li>\n<li><strong>EMAS Club Europe im VNU und Neuigkeiten aus dem Verband\u00a0[\u00a0<a href=\"https:\/\/www.vnu-ev.de\/?s2member_file_download=\/access-s2member-level1\/Aufz\/2017\/170926_UGT_07_Fischer.pdf\" target=\"_blank\" rel=\"noopener noreferrer\">Vortrag zum Download<\/a>\u00a0]<\/strong><br \/>\n<a href=\"https:\/\/www.vnu-ev.de\/mitglieder\/peter-fischer\" target=\"_blank\" rel=\"noopener noreferrer\">Peter Fischer<\/a>, Vorstand des VNU e. V.<\/li>\n<li><strong>Abschlussdiskussion (Ende ca. 16:30 Uhr)<\/strong><br \/>\nBettina Heimer, Vorstand des VNU e. V.<\/li>\n<\/ol>\n","protected":false},"excerpt":{"rendered":"<p>\u00a0\u00a0\u00a0\u00a0\u00a0 Umweltmanagementsysteme im Wandel unter diesem Motto laden wir Sie zum diesj\u00e4hrigen Umweltgutachtertag 2017 ein,&#8230; <a class=\"read-more\" href=\"https:\/\/www.vnu-ev.de\/en\/veranstaltungen\/umweltgutachtertag-2017\">More<\/a><\/p>\n","protected":false},"author":118,"featured_media":2356,"comment_status":"closed","ping_status":"closed","sticky":false,"template":"","format":"standard","meta":{"_acf_changed":false,"footnotes":""},"categories":[229,226],"tags":[32,40,12,232,13,22,23,85,230,16],"class_list":["post-969","post","type-post","status-publish","format-standard","has-post-thumbnail","hentry","category-umweltgutachtertag","category-veranstaltungen","tag-auditierungen","tag-auditor","tag-emas","tag-emas-club","tag-energiemanagement","tag-iso-14001","tag-iso-50001","tag-umweltgutachter","tag-umweltgutachtertag","tag-umweltmanagement"],"acf":[],"_links":{"self":[{"href":"https:\/\/www.vnu-ev.de\/en\/wp-json\/wp\/v2\/posts\/969","targetHints":{"allow":["GET"]}}],"collection":[{"href":"https:\/\/www.vnu-ev.de\/en\/wp-json\/wp\/v2\/posts"}],"about":[{"href":"https:\/\/www.vnu-ev.de\/en\/wp-json\/wp\/v2\/types\/post"}],"author":[{"embeddable":true,"href":"https:\/\/www.vnu-ev.de\/en\/wp-json\/wp\/v2\/users\/118"}],"replies":[{"embeddable":true,"href":"https:\/\/www.vnu-ev.de\/en\/wp-json\/wp\/v2\/comments?post=969"}],"version-history":[{"count":0,"href":"https:\/\/www.vnu-ev.de\/en\/wp-json\/wp\/v2\/posts\/969\/revisions"}],"wp:featuredmedia":[{"embeddable":true,"href":"https:\/\/www.vnu-ev.de\/en\/wp-json\/"}],"wp:attachment":[{"href":"https:\/\/www.vnu-ev.de\/en\/wp-json\/wp\/v2\/media?parent=969"}],"wp:term":[{"taxonomy":"category","embeddable":true,"href":"https:\/\/www.vnu-ev.de\/en\/wp-json\/wp\/v2\/categories?post=969"},{"taxonomy":"post_tag","embeddable":true,"href":"https:\/\/www.vnu-ev.de\/en\/wp-json\/wp\/v2\/tags?post=969"}],"curies":[{"name":"wp","href":"https:\/\/api.w.org\/{rel}","templated":true}]}}